{"id":974,"date":"2026-01-10T11:44:00","date_gmt":"2026-01-10T10:44:00","guid":{"rendered":"https:\/\/florianfrison.com\/?p=974"},"modified":"2026-01-10T11:44:01","modified_gmt":"2026-01-10T10:44:01","slug":"du-rallye-de-la-durance-a-la-mairie-de-sault-le-mariage-delsa-vincent","status":"publish","type":"post","link":"https:\/\/florianfrison.com\/en\/2026\/01\/10\/du-rallye-de-la-durance-a-la-mairie-de-sault-le-mariage-delsa-vincent\/","title":{"rendered":"From the Durance Rally to the Town Hall of Sault: Elsa &amp; Vincent\u2019s Wedding"},"content":{"rendered":"<p>[et_pb_section fb_built=\u00a0\u00bb1&Prime; _builder_version=\u00a0\u00bb4.27.5&Prime; _module_preset=\u00a0\u00bbdefault\u00a0\u00bb global_colors_info=\u00a0\u00bb{}\u00a0\u00bb theme_builder_area=\u00a0\u00bbet_body_layout\u00a0\u00bb][et_pb_row _builder_version=\u00a0\u00bb4.27.5&Prime; _module_preset=\u00a0\u00bbdefault\u00a0\u00bb global_colors_info=\u00a0\u00bb{}\u00a0\u00bb theme_builder_area=\u00a0\u00bbet_body_layout\u00a0\u00bb][et_pb_column type=\u00a0\u00bb4_4&Prime; _builder_version=\u00a0\u00bb4.27.5&Prime; _module_preset=\u00a0\u00bbdefault\u00a0\u00bb global_colors_info=\u00a0\u00bb{}\u00a0\u00bb theme_builder_area=\u00a0\u00bbet_body_layout\u00a0\u00bb][et_pb_text _builder_version=\u00a0\u00bb4.27.5&Prime; _module_preset=\u00a0\u00bbdefault\u00a0\u00bb hover_enabled=\u00a0\u00bb0&Prime; global_colors_info=\u00a0\u00bb{}\u00a0\u00bb theme_builder_area=\u00a0\u00bbet_body_layout\u00a0\u00bb sticky_enabled=\u00a0\u00bb0&Prime;]<\/p>\n<p><em>Temps de travail sur ce reportage : 40h<\/em><\/p>\n<p>[\/et_pb_text][et_pb_text _builder_version=\u00a0\u00bb4.27.5&Prime; _module_preset=\u00a0\u00bbdefault\u00a0\u00bb hover_enabled=\u00a0\u00bb0&Prime; global_colors_info=\u00a0\u00bb{}\u00a0\u00bb theme_builder_area=\u00a0\u00bbet_body_layout\u00a0\u00bb sticky_enabled=\u00a0\u00bb0&Prime;]<\/p>\n<h2 style=\"text-align: left;\">Plus qu&rsquo;un photographe, un copilote<\/h2>\n<p data-path-to-node=\"8\">Il y a des mariages o\u00f9 l&rsquo;on apprend \u00e0 conna\u00eetre les mari\u00e9s le jour J, au fil des heures. Et il y a d&rsquo;autres mariages o\u00f9 l&rsquo;histoire commune remonte \u00e0 loin. Tr\u00e8s loin.<\/p>\n<p data-path-to-node=\"9\">Pour la petite anecdote, avant de me consacrer pleinement \u00e0 la photographie de mariage, j&rsquo;ai pass\u00e9 pr\u00e8s de 10 ans \u00e0 parcourir les routes de rallye. J&rsquo;ai couru environ 80 courses, tant\u00f4t le carnet de notes, tant\u00f4t le volant entre les mains. Et ce jour-l\u00e0, le mari\u00e9, Vincent, n&rsquo;\u00e9tait pas un inconnu pour moi : c&rsquo;\u00e9tait l&rsquo;un de mes pilotes.<\/p>\n<p data-path-to-node=\"10\">Nous avons partag\u00e9 l&rsquo;habitacle exigu d&rsquo;une voiture de course, l&rsquo;adr\u00e9naline des chronos et une confiance aveugle l&rsquo;un envers l&rsquo;autre. Je me souviens tout particuli\u00e8rement du <b data-path-to-node=\"10\" data-index-in-node=\"173\">Rallye Ronde de la Durance en 2019<\/b>. \u00c0 bord de notre \u00ab\u00a0Mamie\u00a0\u00bb (une vieille BMW r\u00e9siliente), nous avions arrach\u00e9 une superbe 12\u00e8me place au g\u00e9n\u00e9ral, tenant t\u00eate \u00e0 des voitures bien plus r\u00e9centes et performantes.<\/p>\n<p data-path-to-node=\"11\">Cette complicit\u00e9 n\u00e9e dans l&rsquo;effort ne s&rsquo;efface pas. Alors, quand Vincent m&rsquo;a demand\u00e9 d&rsquo;\u00eatre le t\u00e9moin visuel de son union avec Elsa, je ne pouvais pas refuser. J&rsquo;ai troqu\u00e9 le carnet de notes pour le bo\u00eetier, mais la mission reste la m\u00eame : ne rien rater des moments forts.<\/p>\n<p>[\/et_pb_text][\/et_pb_column][\/et_pb_row][et_pb_row _builder_version=\u00a0\u00bb4.27.5&Prime; _module_preset=\u00a0\u00bbdefault\u00a0\u00bb global_colors_info=\u00a0\u00bb{}\u00a0\u00bb theme_builder_area=\u00a0\u00bbet_body_layout\u00a0\u00bb][et_pb_column type=\u00a0\u00bb4_4&Prime; _builder_version=\u00a0\u00bb4.27.5&Prime; _module_preset=\u00a0\u00bbdefault\u00a0\u00bb global_colors_info=\u00a0\u00bb{}\u00a0\u00bb theme_builder_area=\u00a0\u00bbet_body_layout\u00a0\u00bb][et_pb_text _builder_version=\u00a0\u00bb4.27.5&Prime; _module_preset=\u00a0\u00bbdefault\u00a0\u00bb hover_enabled=\u00a0\u00bb0&Prime; global_colors_info=\u00a0\u00bb{}\u00a0\u00bb theme_builder_area=\u00a0\u00bbet_body_layout\u00a0\u00bb sticky_enabled=\u00a0\u00bb0&Prime;]<\/p>\n<h2 data-path-to-node=\"12\">Une voiture mythique pour un jour unique<\/h2>\n<p data-path-to-node=\"13\">Le clin d&rsquo;\u0153il ultime de cette journ\u00e9e ? La voiture des mari\u00e9s n&rsquo;\u00e9tait autre que cette fameuse <b data-path-to-node=\"13\" data-index-in-node=\"94\">BMW 325i FA8<\/b>.<\/p>\n<p data-path-to-node=\"14\">Celle-l\u00e0 m\u00eame qui nous a port\u00e9s sur l&rsquo;asphalte et dans les sp\u00e9ciales a \u00e9t\u00e9 transform\u00e9e, pour l&rsquo;occasion, en carrosse nuptial. Voir cette voiture de course, habitu\u00e9e \u00e0 la boue, \u00e0 la poussi\u00e8re et aux trajectoires tendues, d\u00e9cor\u00e9e de fleurs d\u00e9licates au milieu des paysages de Provence, c&rsquo;\u00e9tait un symbole fort. C&rsquo;\u00e9tait le trait d&rsquo;union parfait entre notre pass\u00e9 sportif et cette nouvelle \u00e9tape de vie.<\/p>\n<p>[\/et_pb_text][\/et_pb_column][\/et_pb_row][et_pb_row _builder_version=\u00a0\u00bb4.27.5&Prime; _module_preset=\u00a0\u00bbdefault\u00a0\u00bb hover_enabled=\u00a0\u00bb0&Prime; global_colors_info=\u00a0\u00bb{}\u00a0\u00bb theme_builder_area=\u00a0\u00bbet_body_layout\u00a0\u00bb width=\u00a0\u00bb90%\u00a0\u00bb use_custom_gutter=\u00a0\u00bbon\u00a0\u00bb gutter_width=\u00a0\u00bb2&Prime; sticky_enabled=\u00a0\u00bb0&Prime;][et_pb_column type=\u00a0\u00bb4_4&Prime; _builder_version=\u00a0\u00bb4.27.5&Prime; _module_preset=\u00a0\u00bbdefault\u00a0\u00bb global_colors_info=\u00a0\u00bb{}\u00a0\u00bb theme_builder_area=\u00a0\u00bbet_body_layout\u00a0\u00bb][et_pb_image src=\u00a0\u00bbhttps:\/\/florianfrison.com\/wp-content\/uploads\/2026\/01\/MariageFlotographie-9908.avif\u00a0\u00bb alt=\u00a0\u00bbPortrait sur le vif du mari\u00e9 souriant lors d&rsquo;une c\u00e9r\u00e9monie de mariage \u00e0 la mairie de Sault, au pied du Mont Ventoux.\u00a0\u00bb title_text=\u00a0\u00bbMari\u00e9-Mariage-Sourire-Mairie-Sault-Ventoux\u00a0\u00bb _builder_version=\u00a0\u00bb4.27.5&Prime; _module_preset=\u00a0\u00bbdefault\u00a0\u00bb hover_enabled=\u00a0\u00bb0&Prime; border_radii=\u00a0\u00bbon|5px|5px|5px|5px\u00a0\u00bb global_colors_info=\u00a0\u00bb{}\u00a0\u00bb theme_builder_area=\u00a0\u00bbet_body_layout\u00a0\u00bb sticky_enabled=\u00a0\u00bb0&Prime;][\/et_pb_image][\/et_pb_column][\/et_pb_row][et_pb_row _builder_version=\u00a0\u00bb4.27.5&Prime; _module_preset=\u00a0\u00bbdefault\u00a0\u00bb global_colors_info=\u00a0\u00bb{}\u00a0\u00bb theme_builder_area=\u00a0\u00bbet_body_layout\u00a0\u00bb][et_pb_column type=\u00a0\u00bb4_4&Prime; _builder_version=\u00a0\u00bb4.27.5&Prime; _module_preset=\u00a0\u00bbdefault\u00a0\u00bb global_colors_info=\u00a0\u00bb{}\u00a0\u00bb theme_builder_area=\u00a0\u00bbet_body_layout\u00a0\u00bb][et_pb_text _builder_version=\u00a0\u00bb4.27.5&Prime; _module_preset=\u00a0\u00bbdefault\u00a0\u00bb hover_enabled=\u00a0\u00bb0&Prime; global_colors_info=\u00a0\u00bb{}\u00a0\u00bb theme_builder_area=\u00a0\u00bbet_body_layout\u00a0\u00bb sticky_enabled=\u00a0\u00bb0&Prime;]<\/p>\n<h2 data-path-to-node=\"16\">Sault : Mariage au pied du Mont Ventoux<\/h2>\n<p data-path-to-node=\"17\">Le mariage a d\u00e9but\u00e9 \u00e0 la mairie de <b data-path-to-node=\"17\" data-index-in-node=\"35\">Sault<\/b>, ce village embl\u00e9matique du Vaucluse perch\u00e9 \u00e0 766 m\u00e8tres d&rsquo;altitude, avant de rejoindre la toute petite \u00e9glise de Saint-Jean pour la c\u00e9r\u00e9monie religieuse.<\/p>\n<p data-path-to-node=\"18\">Nous \u00e9tions l\u00e0, au pied du <b data-path-to-node=\"18\" data-index-in-node=\"27\">G\u00e9ant de Provence (le Mont Ventoux)<\/b>, dans un d\u00e9cor grandiose qui force l&rsquo;humilit\u00e9. Ce que j&rsquo;aime dans ce type de mariage, c&rsquo;est l&rsquo;absence d&rsquo;artifices. Elsa et Vincent voulaient une journ\u00e9e qui leur ressemble : simple, conviviale et profond\u00e9ment humaine. Elsa portait une robe fluide, l\u00e9g\u00e8re, d&rsquo;une \u00e9l\u00e9gance naturelle qui collait parfaitement \u00e0 cette journ\u00e9e d&rsquo;\u00e9t\u00e9 proven\u00e7ale et \u00e0 l&rsquo;authenticit\u00e9 des lieux.<\/p>\n<p>[\/et_pb_text][\/et_pb_column][\/et_pb_row][et_pb_row column_structure=\u00a0\u00bb1_2,1_2&Prime; _builder_version=\u00a0\u00bb4.27.5&Prime; _module_preset=\u00a0\u00bbdefault\u00a0\u00bb hover_enabled=\u00a0\u00bb0&Prime; border_radii=\u00a0\u00bbon|5px|5px|5px|5px\u00a0\u00bb global_colors_info=\u00a0\u00bb{}\u00a0\u00bb theme_builder_area=\u00a0\u00bbet_body_layout\u00a0\u00bb sticky_enabled=\u00a0\u00bb0&Prime; use_custom_gutter=\u00a0\u00bbon\u00a0\u00bb gutter_width=\u00a0\u00bb2&Prime; width=\u00a0\u00bb90%\u00a0\u00bb][et_pb_column type=\u00a0\u00bb1_2&Prime; _builder_version=\u00a0\u00bb4.27.5&Prime; _module_preset=\u00a0\u00bbdefault\u00a0\u00bb global_colors_info=\u00a0\u00bb{}\u00a0\u00bb theme_builder_area=\u00a0\u00bbet_body_layout\u00a0\u00bb][et_pb_image src=\u00a0\u00bbhttps:\/\/florianfrison.com\/wp-content\/uploads\/2025\/11\/MariageFlotographie-9993_lwsoptimized.avif\u00a0\u00bb alt=\u00a0\u00bbPortrait sur le vif du mari\u00e9 souriant lors d&rsquo;une c\u00e9r\u00e9monie de mariage \u00e0 la mairie de Sault, au pied du Mont Ventoux.\u00a0\u00bb title_text=\u00a0\u00bbMari\u00e9-Mariage-Sourire-Mairie-Sault-Ventoux\u00a0\u00bb _builder_version=\u00a0\u00bb4.27.5&Prime; _module_preset=\u00a0\u00bbdefault\u00a0\u00bb hover_enabled=\u00a0\u00bb0&Prime; global_colors_info=\u00a0\u00bb{}\u00a0\u00bb theme_builder_area=\u00a0\u00bbet_body_layout\u00a0\u00bb sticky_enabled=\u00a0\u00bb0&Prime; border_radii=\u00a0\u00bbon|5px|5px|5px|5px\u00a0\u00bb][\/et_pb_image][\/et_pb_column][et_pb_column type=\u00a0\u00bb1_2&Prime; _builder_version=\u00a0\u00bb4.27.5&Prime; _module_preset=\u00a0\u00bbdefault\u00a0\u00bb global_colors_info=\u00a0\u00bb{}\u00a0\u00bb theme_builder_area=\u00a0\u00bbet_body_layout\u00a0\u00bb][et_pb_image src=\u00a0\u00bbhttps:\/\/florianfrison.com\/wp-content\/uploads\/2025\/11\/MariageFlotographie-0305_lwsoptimized.avif\u00a0\u00bb _builder_version=\u00a0\u00bb4.27.5&Prime; _module_preset=\u00a0\u00bbdefault\u00a0\u00bb theme_builder_area=\u00a0\u00bbet_body_layout\u00a0\u00bb alt=\u00a0\u00bbD\u00e9tail des mains et des alliances lors de la b\u00e9n\u00e9diction religieuse dans une petite \u00e9glise de village au-dessus de Sault.\u00a0\u00bb title_text=\u00a0\u00bbEchange-Alliances-Eglise-Village-Sault-Ventoux\u00a0\u00bb hover_enabled=\u00a0\u00bb0&Prime; sticky_enabled=\u00a0\u00bb0&Prime; border_radii=\u00a0\u00bbon|5px|5px|5px|5px\u00a0\u00bb][\/et_pb_image][\/et_pb_column][\/et_pb_row][et_pb_row _builder_version=\u00a0\u00bb4.27.5&Prime; _module_preset=\u00a0\u00bbdefault\u00a0\u00bb theme_builder_area=\u00a0\u00bbet_body_layout\u00a0\u00bb][et_pb_column _builder_version=\u00a0\u00bb4.27.5&Prime; _module_preset=\u00a0\u00bbdefault\u00a0\u00bb type=\u00a0\u00bb4_4&Prime; theme_builder_area=\u00a0\u00bbet_body_layout\u00a0\u00bb][et_pb_text _builder_version=\u00a0\u00bb4.27.5&Prime; _module_preset=\u00a0\u00bbdefault\u00a0\u00bb theme_builder_area=\u00a0\u00bbet_body_layout\u00a0\u00bb hover_enabled=\u00a0\u00bb0&Prime; sticky_enabled=\u00a0\u00bb0&Prime;]<\/p>\n<h2 data-path-to-node=\"20\">La \u00ab\u00a0Golden Hour\u00a0\u00bb et les photos de groupe dans les lavandes<\/h2>\n<p data-path-to-node=\"21\">Apr\u00e8s la c\u00e9r\u00e9monie, direction le <b data-path-to-node=\"21\" data-index-in-node=\"33\">GAEC Champlong<\/b> pour le cocktail. Nous sommes au pays de l&rsquo;or bleu. M\u00eame si la r\u00e9colte \u00e9tait pass\u00e9e, la lumi\u00e8re de fin de journ\u00e9e sur le plateau de Sault offre toujours un spectacle unique, avec ces vastes \u00e9tendues qui filent vers l&rsquo;horizon.<\/p>\n<p data-path-to-node=\"22\">C&rsquo;est un cadre id\u00e9al, non seulement pour le vin d&rsquo;honneur, mais aussi pour r\u00e9aliser <b data-path-to-node=\"22\" data-index-in-node=\"84\">les photos de groupe<\/b>. Souvent redout\u00e9es car jug\u00e9es trop \u00ab\u00a0statiques\u00a0\u00bb, elles prennent ici une autre dimension. La lumi\u00e8re dor\u00e9e adoucit les visages, l&rsquo;espace permet \u00e0 chacun d&rsquo;\u00eatre \u00e0 l&rsquo;aise.<\/p>\n<p data-path-to-node=\"23\">En tant que photographe, mon d\u00e9fi est de capturer cette convivialit\u00e9. Les invit\u00e9s sont d\u00e9tendus, les enfants courent entre les rang\u00e9es, et les verres s&rsquo;entrechoquent face aux champs. C&rsquo;est \u00e7a, le reportage documentaire : saisir les \u00e9clats de rire vol\u00e9s sans interf\u00e9rer, tout en assurant des portraits de famille impeccables.<\/p>\n<p>[\/et_pb_text][\/et_pb_column][\/et_pb_row][et_pb_row _builder_version=\u00a0\u00bb4.27.5&Prime; _module_preset=\u00a0\u00bbdefault\u00a0\u00bb theme_builder_area=\u00a0\u00bbet_body_layout\u00a0\u00bb column_structure=\u00a0\u00bb1_2,1_2&Prime; use_custom_gutter=\u00a0\u00bbon\u00a0\u00bb gutter_width=\u00a0\u00bb2&Prime; width=\u00a0\u00bb90%\u00a0\u00bb hover_enabled=\u00a0\u00bb0&Prime; sticky_enabled=\u00a0\u00bb0&Prime;][et_pb_column _builder_version=\u00a0\u00bb4.27.5&Prime; _module_preset=\u00a0\u00bbdefault\u00a0\u00bb type=\u00a0\u00bb1_2&Prime; theme_builder_area=\u00a0\u00bbet_body_layout\u00a0\u00bb][et_pb_image src=\u00a0\u00bbhttps:\/\/florianfrison.com\/wp-content\/uploads\/2025\/12\/MariageFlotographie-0625_lwsoptimized.webp\u00a0\u00bb _builder_version=\u00a0\u00bb4.27.5&Prime; _module_preset=\u00a0\u00bbdefault\u00a0\u00bb theme_builder_area=\u00a0\u00bbet_body_layout\u00a0\u00bb hover_enabled=\u00a0\u00bb0&Prime; sticky_enabled=\u00a0\u00bb0&Prime; border_radii=\u00a0\u00bbon|5px|5px|5px|5px\u00a0\u00bb alt=\u00a0\u00bbPhoto de Groupe pr\u00e8s de Sault et du Mont Ventoux.\u00a0\u00bb title_text=\u00a0\u00bbMariage-Domaine-La-Tour-Sault-Ventoux\u00a0\u00bb][\/et_pb_image][\/et_pb_column][et_pb_column _builder_version=\u00a0\u00bb4.27.5&Prime; _module_preset=\u00a0\u00bbdefault\u00a0\u00bb type=\u00a0\u00bb1_2&Prime; theme_builder_area=\u00a0\u00bbet_body_layout\u00a0\u00bb][et_pb_image src=\u00a0\u00bbhttps:\/\/florianfrison.com\/wp-content\/uploads\/2025\/12\/MariageFlotographie-0967_lwsoptimized.avif\u00a0\u00bb _builder_version=\u00a0\u00bb4.27.5&Prime; _module_preset=\u00a0\u00bbdefault\u00a0\u00bb theme_builder_area=\u00a0\u00bbet_body_layout\u00a0\u00bb hover_enabled=\u00a0\u00bb0&Prime; sticky_enabled=\u00a0\u00bb0&Prime; border_radii=\u00a0\u00bbon|5px|5px|5px|5px\u00a0\u00bb alt=\u00a0\u00bbCouple invit\u00e9 posant au couch\u00e9 de soleil, pr\u00e8s de Sault et du Mont Ventoux.\u00a0\u00bb title_text=\u00a0\u00bbMariage-Domaine-La-Tour-Sault-Ventoux\u00a0\u00bb][\/et_pb_image][\/et_pb_column][\/et_pb_row][et_pb_row _builder_version=\u00a0\u00bb4.27.5&Prime; _module_preset=\u00a0\u00bbdefault\u00a0\u00bb theme_builder_area=\u00a0\u00bbet_body_layout\u00a0\u00bb][et_pb_column _builder_version=\u00a0\u00bb4.27.5&Prime; _module_preset=\u00a0\u00bbdefault\u00a0\u00bb type=\u00a0\u00bb4_4&Prime; theme_builder_area=\u00a0\u00bbet_body_layout\u00a0\u00bb][et_pb_text _builder_version=\u00a0\u00bb4.27.5&Prime; _module_preset=\u00a0\u00bbdefault\u00a0\u00bb theme_builder_area=\u00a0\u00bbet_body_layout\u00a0\u00bb hover_enabled=\u00a0\u00bb0&Prime; sticky_enabled=\u00a0\u00bb0&Prime;]<\/p>\n<h2 data-path-to-node=\"25\">Pourquoi la formule \u00ab\u00a0H\u00e9ritage\u00a0\u00bb (12h) est indispensable pour la f\u00eate<\/h2>\n<p data-path-to-node=\"26\">La r\u00e9ception s&rsquo;est ensuite tenue au <b data-path-to-node=\"26\" data-index-in-node=\"36\">Domaine La Tour<\/b> \u00e0 Saint-Jean-de-Sault. Et c&rsquo;est l\u00e0 que la magie op\u00e8re vraiment pour le photographe&#8230; et pour vos souvenirs.<\/p>\n<p data-path-to-node=\"27\">Si j&rsquo;\u00e9tais parti apr\u00e8s le cocktail ou le d\u00e9but du repas, j&rsquo;aurais racont\u00e9 une belle journ\u00e9e, mais j&rsquo;aurais manqu\u00e9 l&rsquo;\u00e2me de la soir\u00e9e. Avec ma formule <b data-path-to-node=\"27\" data-index-in-node=\"150\">\u00ab\u00a0H\u00e9ritage\u00a0\u00bb<\/b> (qui inclut 12h de pr\u00e9sence), je suis l\u00e0 pour capturer l&rsquo;histoire compl\u00e8te, jusqu&rsquo;au bout de la nuit.<\/p>\n<p data-path-to-node=\"28\">C&rsquo;est le moment o\u00f9 la pression retombe totalement. C&rsquo;est l\u00e0 que les personnalit\u00e9s se r\u00e9v\u00e8lent sur le dancefloor et que l&rsquo;\u00e9nergie explose. Photographier une soir\u00e9e de mariage demande une technicit\u00e9 particuli\u00e8re : il faut ma\u00eetriser ses flashs pour figer le mouvement et vos souvenirs pour qu&rsquo;ils deviennent intemporels, sans \u00ab\u00a0tuer\u00a0\u00bb l&rsquo;ambiance lumineuse de la salle.<\/p>\n<p data-path-to-node=\"29\">Mes photos de soir\u00e9e sont vibrantes. Elles retranscrivent la musique, la chaleur, la joie brute. C&rsquo;est ce patrimoine \u00e9motionnel, complet et intense, que je veux vous livrer dans votre album.<\/p>\n<p>[\/et_pb_text][\/et_pb_column][\/et_pb_row][et_pb_row _builder_version=\u00a0\u00bb4.27.5&Prime; _module_preset=\u00a0\u00bbdefault\u00a0\u00bb theme_builder_area=\u00a0\u00bbet_body_layout\u00a0\u00bb column_structure=\u00a0\u00bb1_3,1_3,1_3&Prime; use_custom_gutter=\u00a0\u00bbon\u00a0\u00bb gutter_width=\u00a0\u00bb2&Prime; width=\u00a0\u00bb90%\u00a0\u00bb hover_enabled=\u00a0\u00bb0&Prime; sticky_enabled=\u00a0\u00bb0&Prime;][et_pb_column _builder_version=\u00a0\u00bb4.27.5&Prime; _module_preset=\u00a0\u00bbdefault\u00a0\u00bb type=\u00a0\u00bb1_3&Prime; theme_builder_area=\u00a0\u00bbet_body_layout\u00a0\u00bb][et_pb_image src=\u00a0\u00bbhttps:\/\/florianfrison.com\/wp-content\/uploads\/2026\/01\/MariageFlotographie-2092.avif\u00a0\u00bb _builder_version=\u00a0\u00bb4.27.5&Prime; _module_preset=\u00a0\u00bbdefault\u00a0\u00bb theme_builder_area=\u00a0\u00bbet_body_layout\u00a0\u00bb border_radii=\u00a0\u00bbon|5px|5px|5px|5px\u00a0\u00bb hover_enabled=\u00a0\u00bb0&Prime; sticky_enabled=\u00a0\u00bb0&Prime; alt=\u00a0\u00bbAmbiance festive et danse de mariage au Domaine La Tour, pr\u00e8s de Sault et du Mont Ventoux.\u00a0\u00bb title_text=\u00a0\u00bbSoiree-Mariage-Domaine-La-Tour-Sault-Ventoux\u00a0\u00bb][\/et_pb_image][\/et_pb_column][et_pb_column _builder_version=\u00a0\u00bb4.27.5&Prime; _module_preset=\u00a0\u00bbdefault\u00a0\u00bb type=\u00a0\u00bb1_3&Prime; theme_builder_area=\u00a0\u00bbet_body_layout\u00a0\u00bb][et_pb_image src=\u00a0\u00bbhttps:\/\/florianfrison.com\/wp-content\/uploads\/2025\/12\/MariageFlotographie-1216_lwsoptimized.avif\u00a0\u00bb _builder_version=\u00a0\u00bb4.27.5&Prime; _module_preset=\u00a0\u00bbdefault\u00a0\u00bb theme_builder_area=\u00a0\u00bbet_body_layout\u00a0\u00bb alt=\u00a0\u00bbAmbiance festive et premi\u00e8re danse de mariage au Domaine La Tour, pr\u00e8s de Sault et du Mont Ventoux.\u00a0\u00bb title_text=\u00a0\u00bbSoiree-Mariage-Domaine-La-Tour-Sault-Ventoux\u00a0\u00bb border_radii=\u00a0\u00bbon|5px|5px|5px|5px\u00a0\u00bb hover_enabled=\u00a0\u00bb0&Prime; sticky_enabled=\u00a0\u00bb0&Prime;][\/et_pb_image][\/et_pb_column][et_pb_column _builder_version=\u00a0\u00bb4.27.5&Prime; _module_preset=\u00a0\u00bbdefault\u00a0\u00bb type=\u00a0\u00bb1_3&Prime; theme_builder_area=\u00a0\u00bbet_body_layout\u00a0\u00bb][et_pb_image src=\u00a0\u00bbhttps:\/\/florianfrison.com\/wp-content\/uploads\/2026\/01\/MariageFlotographie-1750.avif\u00a0\u00bb _builder_version=\u00a0\u00bb4.27.5&Prime; _module_preset=\u00a0\u00bbdefault\u00a0\u00bb theme_builder_area=\u00a0\u00bbet_body_layout\u00a0\u00bb alt=\u00a0\u00bbAmbiance festive et danse de mariage au Domaine La Tour, pr\u00e8s de Sault et du Mont Ventoux.\u00a0\u00bb title_text=\u00a0\u00bbSoiree-Mariage-Domaine-La-Tour-Sault-Ventoux\u00a0\u00bb border_radii=\u00a0\u00bbon|5px|5px|5px|5px\u00a0\u00bb hover_enabled=\u00a0\u00bb0&Prime; sticky_enabled=\u00a0\u00bb0&Prime;][\/et_pb_image][\/et_pb_column][\/et_pb_row][et_pb_row _builder_version=\u00a0\u00bb4.27.5&Prime; _module_preset=\u00a0\u00bbdefault\u00a0\u00bb global_colors_info=\u00a0\u00bb{}\u00a0\u00bb theme_builder_area=\u00a0\u00bbet_body_layout\u00a0\u00bb][et_pb_column type=\u00a0\u00bb4_4&Prime; _builder_version=\u00a0\u00bb4.27.5&Prime; _module_preset=\u00a0\u00bbdefault\u00a0\u00bb global_colors_info=\u00a0\u00bb{}\u00a0\u00bb theme_builder_area=\u00a0\u00bbet_body_layout\u00a0\u00bb][et_pb_text _builder_version=\u00a0\u00bb4.27.5&Prime; _module_preset=\u00a0\u00bbdefault\u00a0\u00bb hover_enabled=\u00a0\u00bb0&Prime; global_colors_info=\u00a0\u00bb{}\u00a0\u00bb theme_builder_area=\u00a0\u00bbet_body_layout\u00a0\u00bb sticky_enabled=\u00a0\u00bb0&Prime;]<\/p>\n<h3 data-path-to-node=\"32\">Les prestataires de cette belle journ\u00e9e<\/h3>\n<p data-path-to-node=\"33\">Une \u00e9quipe au top pour un mariage r\u00e9ussi :<\/p>\n<ul data-path-to-node=\"34\">\n<li>\n<p data-path-to-node=\"34,0,0\"><b data-path-to-node=\"34,0,0\" data-index-in-node=\"0\">Lieu de r\u00e9ception :<\/b> <a href=\"https:\/\/domaine-la-tour.com\/\" target=\"_blank\" rel=\"noopener\">Domaine La Tour (Saint-Jean-de-Sault)<\/a><\/p>\n<\/li>\n<\/ul>\n<p data-path-to-node=\"35\"><b data-path-to-node=\"35\" data-index-in-node=\"0\">Vous pr\u00e9parez un mariage en Provence ou en Savoie pour l&rsquo;\u00e9t\u00e9 2026 ?<\/b><\/p>\n<p data-path-to-node=\"35\">Que vous arriviez en voiture de rallye ou plus traditionnellement, ce qui m&rsquo;importe, c&rsquo;est votre histoire, votre confiance et votre authenticit\u00e9. Discutons de votre projet.<\/p>\n<p>[\/et_pb_text][\/et_pb_column][\/et_pb_row][et_pb_row _builder_version=\u00a0\u00bb4.27.5&Prime; _module_preset=\u00a0\u00bbdefault\u00a0\u00bb theme_builder_area=\u00a0\u00bbet_body_layout\u00a0\u00bb use_custom_gutter=\u00a0\u00bbon\u00a0\u00bb gutter_width=\u00a0\u00bb2&Prime; width=\u00a0\u00bb90%\u00a0\u00bb hover_enabled=\u00a0\u00bb0&Prime; sticky_enabled=\u00a0\u00bb0&Prime;][et_pb_column _builder_version=\u00a0\u00bb4.27.5&Prime; _module_preset=\u00a0\u00bbdefault\u00a0\u00bb type=\u00a0\u00bb4_4&Prime; theme_builder_area=\u00a0\u00bbet_body_layout\u00a0\u00bb][et_pb_image src=\u00a0\u00bbhttps:\/\/florianfrison.com\/wp-content\/uploads\/2026\/01\/MariageFlotographie-1995.avif\u00a0\u00bb _builder_version=\u00a0\u00bb4.27.5&Prime; _module_preset=\u00a0\u00bbdefault\u00a0\u00bb theme_builder_area=\u00a0\u00bbet_body_layout\u00a0\u00bb hover_enabled=\u00a0\u00bb0&Prime; sticky_enabled=\u00a0\u00bb0&Prime; border_radii=\u00a0\u00bbon|5px|5px|5px|5px\u00a0\u00bb alt=\u00a0\u00bbL&rsquo;\u00e9quipe du Domaine La Tour, pr\u00e8s de Sault et du Mont Ventoux.\u00a0\u00bb title_text=\u00a0\u00bbSoiree-Mariage-Domaine-La-Tour-Sault-Ventoux\u00a0\u00bb][\/et_pb_image][\/et_pb_column][\/et_pb_row][\/et_pb_section]<\/p>\n","protected":false},"excerpt":{"rendered":"<p>Temps de travail sur ce reportage : 40hPlus qu&rsquo;un photographe, un copilote Il y a des mariages o\u00f9 l&rsquo;on apprend \u00e0 conna\u00eetre les mari\u00e9s le jour J, au fil des heures. Et il y a d&rsquo;autres mariages o\u00f9 l&rsquo;histoire commune remonte \u00e0 loin. Tr\u00e8s loin. Pour la petite anecdote, avant de me consacrer pleinement \u00e0 [&hellip;]<\/p>\n","protected":false},"author":1,"featured_media":424,"comment_status":"open","ping_status":"open","sticky":false,"template":"","format":"standard","meta":{"_et_pb_use_builder":"on","_et_pb_old_content":"","_et_gb_content_width":"","footnotes":""},"categories":[17,19],"tags":[],"class_list":["post-974","post","type-post","status-publish","format-standard","has-post-thumbnail","hentry","category-mariage","category-seance-photo"],"yoast_head":"<!-- This site is optimized with the Yoast SEO plugin v27.4 - https:\/\/yoast.com\/product\/yoast-seo-wordpress\/ -->\n<title>Photographe Mariage Sault &amp; Mont Ventoux : Reportage<\/title>\n<meta name=\"description\" content=\"Quand mon ancien pilote de rallye se marie au pied du Ventoux, l&#039;\u00e9motion est au virage. D\u00e9couvrez ce reportage mariage \u00e0 Sault, entre BMW vintage et f\u00eate endiabl\u00e9e.\" \/>\n<meta name=\"robots\" content=\"index, follow, max-snippet:-1, max-image-preview:large, max-video-preview:-1\" \/>\n<link rel=\"canonical\" href=\"https:\/\/florianfrison.com\/en\/2026\/01\/10\/du-rallye-de-la-durance-a-la-mairie-de-sault-le-mariage-delsa-vincent\/\" \/>\n<meta property=\"og:locale\" content=\"en_GB\" \/>\n<meta property=\"og:type\" content=\"article\" \/>\n<meta property=\"og:title\" content=\"Photographe Mariage Sault &amp; Mont Ventoux : Reportage\" \/>\n<meta property=\"og:description\" content=\"Quand mon ancien pilote de rallye se marie au pied du Ventoux, l&#039;\u00e9motion est au virage. D\u00e9couvrez ce reportage mariage \u00e0 Sault, entre BMW vintage et f\u00eate endiabl\u00e9e.\" \/>\n<meta property=\"og:url\" content=\"https:\/\/florianfrison.com\/en\/2026\/01\/10\/du-rallye-de-la-durance-a-la-mairie-de-sault-le-mariage-delsa-vincent\/\" \/>\n<meta property=\"og:site_name\" content=\"Florian FRISON - Photography\" \/>\n<meta property=\"article:publisher\" content=\"https:\/\/www.facebook.com\/Flotographie73000\" \/>\n<meta property=\"article:published_time\" content=\"2026-01-10T10:44:00+00:00\" \/>\n<meta property=\"article:modified_time\" content=\"2026-01-10T10:44:01+00:00\" \/>\n<meta property=\"og:image\" content=\"https:\/\/florianfrison.com\/wp-content\/uploads\/2025\/12\/MariageFlotographie-0625_lwsoptimized.webp\" \/>\n\t<meta property=\"og:image:width\" content=\"2000\" \/>\n\t<meta property=\"og:image:height\" content=\"1333\" \/>\n\t<meta property=\"og:image:type\" content=\"image\/webp\" \/>\n<meta name=\"author\" content=\"Florian FRISON\" \/>\n<meta name=\"twitter:card\" content=\"summary_large_image\" \/>\n<meta name=\"twitter:creator\" content=\"@flotographie73\" \/>\n<meta name=\"twitter:site\" content=\"@flotographie73\" \/>\n<meta name=\"twitter:label1\" content=\"Written by\" \/>\n\t<meta name=\"twitter:data1\" content=\"Florian FRISON\" \/>\n\t<meta name=\"twitter:label2\" content=\"Estimated reading time\" \/>\n\t<meta name=\"twitter:data2\" content=\"1 minute\" \/>\n<script type=\"application\/ld+json\" class=\"yoast-schema-graph\">{\"@context\":\"https:\\\/\\\/schema.org\",\"@graph\":[{\"@type\":\"Article\",\"@id\":\"https:\\\/\\\/florianfrison.com\\\/2026\\\/01\\\/10\\\/du-rallye-de-la-durance-a-la-mairie-de-sault-le-mariage-delsa-vincent\\\/#article\",\"isPartOf\":{\"@id\":\"https:\\\/\\\/florianfrison.com\\\/2026\\\/01\\\/10\\\/du-rallye-de-la-durance-a-la-mairie-de-sault-le-mariage-delsa-vincent\\\/\"},\"author\":{\"name\":\"Florian FRISON\",\"@id\":\"https:\\\/\\\/florianfrison.com\\\/#\\\/schema\\\/person\\\/8617b9f43c66ca1213a6ee05b2babc48\"},\"headline\":\"Du Rallye de la Durance \u00e0 la Mairie de Sault : Le Mariage d&rsquo;Elsa &amp; Vincent\",\"datePublished\":\"2026-01-10T10:44:00+00:00\",\"dateModified\":\"2026-01-10T10:44:01+00:00\",\"mainEntityOfPage\":{\"@id\":\"https:\\\/\\\/florianfrison.com\\\/2026\\\/01\\\/10\\\/du-rallye-de-la-durance-a-la-mairie-de-sault-le-mariage-delsa-vincent\\\/\"},\"wordCount\":2208,\"commentCount\":0,\"publisher\":{\"@id\":\"https:\\\/\\\/florianfrison.com\\\/#organization\"},\"image\":{\"@id\":\"https:\\\/\\\/florianfrison.com\\\/2026\\\/01\\\/10\\\/du-rallye-de-la-durance-a-la-mairie-de-sault-le-mariage-delsa-vincent\\\/#primaryimage\"},\"thumbnailUrl\":\"https:\\\/\\\/florianfrison.com\\\/wp-content\\\/uploads\\\/2025\\\/12\\\/MariageFlotographie-0625_lwsoptimized.webp\",\"articleSection\":[\"Mariage\",\"S\u00e9ance photo\"],\"inLanguage\":\"en-GB\",\"potentialAction\":[{\"@type\":\"CommentAction\",\"name\":\"Comment\",\"target\":[\"https:\\\/\\\/florianfrison.com\\\/2026\\\/01\\\/10\\\/du-rallye-de-la-durance-a-la-mairie-de-sault-le-mariage-delsa-vincent\\\/#respond\"]}]},{\"@type\":\"WebPage\",\"@id\":\"https:\\\/\\\/florianfrison.com\\\/2026\\\/01\\\/10\\\/du-rallye-de-la-durance-a-la-mairie-de-sault-le-mariage-delsa-vincent\\\/\",\"url\":\"https:\\\/\\\/florianfrison.com\\\/2026\\\/01\\\/10\\\/du-rallye-de-la-durance-a-la-mairie-de-sault-le-mariage-delsa-vincent\\\/\",\"name\":\"Photographe Mariage Sault & Mont Ventoux : Reportage\",\"isPartOf\":{\"@id\":\"https:\\\/\\\/florianfrison.com\\\/#website\"},\"primaryImageOfPage\":{\"@id\":\"https:\\\/\\\/florianfrison.com\\\/2026\\\/01\\\/10\\\/du-rallye-de-la-durance-a-la-mairie-de-sault-le-mariage-delsa-vincent\\\/#primaryimage\"},\"image\":{\"@id\":\"https:\\\/\\\/florianfrison.com\\\/2026\\\/01\\\/10\\\/du-rallye-de-la-durance-a-la-mairie-de-sault-le-mariage-delsa-vincent\\\/#primaryimage\"},\"thumbnailUrl\":\"https:\\\/\\\/florianfrison.com\\\/wp-content\\\/uploads\\\/2025\\\/12\\\/MariageFlotographie-0625_lwsoptimized.webp\",\"datePublished\":\"2026-01-10T10:44:00+00:00\",\"dateModified\":\"2026-01-10T10:44:01+00:00\",\"description\":\"Quand mon ancien pilote de rallye se marie au pied du Ventoux, l'\u00e9motion est au virage. D\u00e9couvrez ce reportage mariage \u00e0 Sault, entre BMW vintage et f\u00eate endiabl\u00e9e.\",\"breadcrumb\":{\"@id\":\"https:\\\/\\\/florianfrison.com\\\/2026\\\/01\\\/10\\\/du-rallye-de-la-durance-a-la-mairie-de-sault-le-mariage-delsa-vincent\\\/#breadcrumb\"},\"inLanguage\":\"en-GB\",\"potentialAction\":[{\"@type\":\"ReadAction\",\"target\":[\"https:\\\/\\\/florianfrison.com\\\/2026\\\/01\\\/10\\\/du-rallye-de-la-durance-a-la-mairie-de-sault-le-mariage-delsa-vincent\\\/\"]}]},{\"@type\":\"ImageObject\",\"inLanguage\":\"en-GB\",\"@id\":\"https:\\\/\\\/florianfrison.com\\\/2026\\\/01\\\/10\\\/du-rallye-de-la-durance-a-la-mairie-de-sault-le-mariage-delsa-vincent\\\/#primaryimage\",\"url\":\"https:\\\/\\\/florianfrison.com\\\/wp-content\\\/uploads\\\/2025\\\/12\\\/MariageFlotographie-0625_lwsoptimized.webp\",\"contentUrl\":\"https:\\\/\\\/florianfrison.com\\\/wp-content\\\/uploads\\\/2025\\\/12\\\/MariageFlotographie-0625_lwsoptimized.webp\",\"width\":2000,\"height\":1333,\"caption\":\"Photo de Groupe pr\u00e8s de Sault et du Mont Ventoux.\"},{\"@type\":\"BreadcrumbList\",\"@id\":\"https:\\\/\\\/florianfrison.com\\\/2026\\\/01\\\/10\\\/du-rallye-de-la-durance-a-la-mairie-de-sault-le-mariage-delsa-vincent\\\/#breadcrumb\",\"itemListElement\":[{\"@type\":\"ListItem\",\"position\":1,\"name\":\"Home\",\"item\":\"https:\\\/\\\/florianfrison.com\\\/\"},{\"@type\":\"ListItem\",\"position\":2,\"name\":\"Du Rallye de la Durance \u00e0 la Mairie de Sault : Le Mariage d&rsquo;Elsa &amp; Vincent\"}]},{\"@type\":\"WebSite\",\"@id\":\"https:\\\/\\\/florianfrison.com\\\/#website\",\"url\":\"https:\\\/\\\/florianfrison.com\\\/\",\"name\":\"Florian FRISON - Photography\",\"description\":\"Photographe de Mariage &amp; Lifestyle \u2013 Provence &amp; Savoie\",\"publisher\":{\"@id\":\"https:\\\/\\\/florianfrison.com\\\/#organization\"},\"alternateName\":\"Florian FRISON\",\"potentialAction\":[{\"@type\":\"SearchAction\",\"target\":{\"@type\":\"EntryPoint\",\"urlTemplate\":\"https:\\\/\\\/florianfrison.com\\\/?s={search_term_string}\"},\"query-input\":{\"@type\":\"PropertyValueSpecification\",\"valueRequired\":true,\"valueName\":\"search_term_string\"}}],\"inLanguage\":\"en-GB\"},{\"@type\":\"Organization\",\"@id\":\"https:\\\/\\\/florianfrison.com\\\/#organization\",\"name\":\"Florian FRISON - Photography\",\"alternateName\":\"Florian FRISON\",\"url\":\"https:\\\/\\\/florianfrison.com\\\/\",\"logo\":{\"@type\":\"ImageObject\",\"inLanguage\":\"en-GB\",\"@id\":\"https:\\\/\\\/florianfrison.com\\\/#\\\/schema\\\/logo\\\/image\\\/\",\"url\":\"https:\\\/\\\/florianfrison.com\\\/wp-content\\\/uploads\\\/2025\\\/11\\\/LogoNoircompresse.png\",\"contentUrl\":\"https:\\\/\\\/florianfrison.com\\\/wp-content\\\/uploads\\\/2025\\\/11\\\/LogoNoircompresse.png\",\"width\":500,\"height\":389,\"caption\":\"Florian FRISON - Photography\"},\"image\":{\"@id\":\"https:\\\/\\\/florianfrison.com\\\/#\\\/schema\\\/logo\\\/image\\\/\"},\"sameAs\":[\"https:\\\/\\\/www.facebook.com\\\/Flotographie73000\",\"https:\\\/\\\/x.com\\\/flotographie73\",\"https:\\\/\\\/www.instagram.com\\\/florianfrisonphoto\\\/\",\"https:\\\/\\\/www.linkedin.com\\\/company\\\/69712919\"]},{\"@type\":\"Person\",\"@id\":\"https:\\\/\\\/florianfrison.com\\\/#\\\/schema\\\/person\\\/8617b9f43c66ca1213a6ee05b2babc48\",\"name\":\"Florian FRISON\",\"image\":{\"@type\":\"ImageObject\",\"inLanguage\":\"en-GB\",\"@id\":\"https:\\\/\\\/secure.gravatar.com\\\/avatar\\\/684552731c32c09ae5ec626a6a6f25c2fcdddc87f38adadf4bbc85c93a9a5716?s=96&d=mm&r=g\",\"url\":\"https:\\\/\\\/secure.gravatar.com\\\/avatar\\\/684552731c32c09ae5ec626a6a6f25c2fcdddc87f38adadf4bbc85c93a9a5716?s=96&d=mm&r=g\",\"contentUrl\":\"https:\\\/\\\/secure.gravatar.com\\\/avatar\\\/684552731c32c09ae5ec626a6a6f25c2fcdddc87f38adadf4bbc85c93a9a5716?s=96&d=mm&r=g\",\"caption\":\"Florian FRISON\"},\"sameAs\":[\"https:\\\/\\\/florianfrison.com\"],\"url\":\"https:\\\/\\\/florianfrison.com\\\/en\\\/author\\\/flotographie\\\/\"}]}<\/script>\n<!-- \/ Yoast SEO plugin. -->","yoast_head_json":{"title":"Photographe Mariage Sault & Mont Ventoux : Reportage","description":"Quand mon ancien pilote de rallye se marie au pied du Ventoux, l'\u00e9motion est au virage. D\u00e9couvrez ce reportage mariage \u00e0 Sault, entre BMW vintage et f\u00eate endiabl\u00e9e.","robots":{"index":"index","follow":"follow","max-snippet":"max-snippet:-1","max-image-preview":"max-image-preview:large","max-video-preview":"max-video-preview:-1"},"canonical":"https:\/\/florianfrison.com\/en\/2026\/01\/10\/du-rallye-de-la-durance-a-la-mairie-de-sault-le-mariage-delsa-vincent\/","og_locale":"en_GB","og_type":"article","og_title":"Photographe Mariage Sault & Mont Ventoux : Reportage","og_description":"Quand mon ancien pilote de rallye se marie au pied du Ventoux, l'\u00e9motion est au virage. D\u00e9couvrez ce reportage mariage \u00e0 Sault, entre BMW vintage et f\u00eate endiabl\u00e9e.","og_url":"https:\/\/florianfrison.com\/en\/2026\/01\/10\/du-rallye-de-la-durance-a-la-mairie-de-sault-le-mariage-delsa-vincent\/","og_site_name":"Florian FRISON - Photography","article_publisher":"https:\/\/www.facebook.com\/Flotographie73000","article_published_time":"2026-01-10T10:44:00+00:00","article_modified_time":"2026-01-10T10:44:01+00:00","og_image":[{"width":2000,"height":1333,"url":"https:\/\/florianfrison.com\/wp-content\/uploads\/2025\/12\/MariageFlotographie-0625_lwsoptimized.webp","type":"image\/webp"}],"author":"Florian FRISON","twitter_card":"summary_large_image","twitter_creator":"@flotographie73","twitter_site":"@flotographie73","twitter_misc":{"Written by":"Florian FRISON","Estimated reading time":"1 minute"},"schema":{"@context":"https:\/\/schema.org","@graph":[{"@type":"Article","@id":"https:\/\/florianfrison.com\/2026\/01\/10\/du-rallye-de-la-durance-a-la-mairie-de-sault-le-mariage-delsa-vincent\/#article","isPartOf":{"@id":"https:\/\/florianfrison.com\/2026\/01\/10\/du-rallye-de-la-durance-a-la-mairie-de-sault-le-mariage-delsa-vincent\/"},"author":{"name":"Florian FRISON","@id":"https:\/\/florianfrison.com\/#\/schema\/person\/8617b9f43c66ca1213a6ee05b2babc48"},"headline":"Du Rallye de la Durance \u00e0 la Mairie de Sault : Le Mariage d&rsquo;Elsa &amp; Vincent","datePublished":"2026-01-10T10:44:00+00:00","dateModified":"2026-01-10T10:44:01+00:00","mainEntityOfPage":{"@id":"https:\/\/florianfrison.com\/2026\/01\/10\/du-rallye-de-la-durance-a-la-mairie-de-sault-le-mariage-delsa-vincent\/"},"wordCount":2208,"commentCount":0,"publisher":{"@id":"https:\/\/florianfrison.com\/#organization"},"image":{"@id":"https:\/\/florianfrison.com\/2026\/01\/10\/du-rallye-de-la-durance-a-la-mairie-de-sault-le-mariage-delsa-vincent\/#primaryimage"},"thumbnailUrl":"https:\/\/florianfrison.com\/wp-content\/uploads\/2025\/12\/MariageFlotographie-0625_lwsoptimized.webp","articleSection":["Mariage","S\u00e9ance photo"],"inLanguage":"en-GB","potentialAction":[{"@type":"CommentAction","name":"Comment","target":["https:\/\/florianfrison.com\/2026\/01\/10\/du-rallye-de-la-durance-a-la-mairie-de-sault-le-mariage-delsa-vincent\/#respond"]}]},{"@type":"WebPage","@id":"https:\/\/florianfrison.com\/2026\/01\/10\/du-rallye-de-la-durance-a-la-mairie-de-sault-le-mariage-delsa-vincent\/","url":"https:\/\/florianfrison.com\/2026\/01\/10\/du-rallye-de-la-durance-a-la-mairie-de-sault-le-mariage-delsa-vincent\/","name":"Photographe Mariage Sault & Mont Ventoux : Reportage","isPartOf":{"@id":"https:\/\/florianfrison.com\/#website"},"primaryImageOfPage":{"@id":"https:\/\/florianfrison.com\/2026\/01\/10\/du-rallye-de-la-durance-a-la-mairie-de-sault-le-mariage-delsa-vincent\/#primaryimage"},"image":{"@id":"https:\/\/florianfrison.com\/2026\/01\/10\/du-rallye-de-la-durance-a-la-mairie-de-sault-le-mariage-delsa-vincent\/#primaryimage"},"thumbnailUrl":"https:\/\/florianfrison.com\/wp-content\/uploads\/2025\/12\/MariageFlotographie-0625_lwsoptimized.webp","datePublished":"2026-01-10T10:44:00+00:00","dateModified":"2026-01-10T10:44:01+00:00","description":"Quand mon ancien pilote de rallye se marie au pied du Ventoux, l'\u00e9motion est au virage. D\u00e9couvrez ce reportage mariage \u00e0 Sault, entre BMW vintage et f\u00eate endiabl\u00e9e.","breadcrumb":{"@id":"https:\/\/florianfrison.com\/2026\/01\/10\/du-rallye-de-la-durance-a-la-mairie-de-sault-le-mariage-delsa-vincent\/#breadcrumb"},"inLanguage":"en-GB","potentialAction":[{"@type":"ReadAction","target":["https:\/\/florianfrison.com\/2026\/01\/10\/du-rallye-de-la-durance-a-la-mairie-de-sault-le-mariage-delsa-vincent\/"]}]},{"@type":"ImageObject","inLanguage":"en-GB","@id":"https:\/\/florianfrison.com\/2026\/01\/10\/du-rallye-de-la-durance-a-la-mairie-de-sault-le-mariage-delsa-vincent\/#primaryimage","url":"https:\/\/florianfrison.com\/wp-content\/uploads\/2025\/12\/MariageFlotographie-0625_lwsoptimized.webp","contentUrl":"https:\/\/florianfrison.com\/wp-content\/uploads\/2025\/12\/MariageFlotographie-0625_lwsoptimized.webp","width":2000,"height":1333,"caption":"Photo de Groupe pr\u00e8s de Sault et du Mont Ventoux."},{"@type":"BreadcrumbList","@id":"https:\/\/florianfrison.com\/2026\/01\/10\/du-rallye-de-la-durance-a-la-mairie-de-sault-le-mariage-delsa-vincent\/#breadcrumb","itemListElement":[{"@type":"ListItem","position":1,"name":"Home","item":"https:\/\/florianfrison.com\/"},{"@type":"ListItem","position":2,"name":"Du Rallye de la Durance \u00e0 la Mairie de Sault : Le Mariage d&rsquo;Elsa &amp; Vincent"}]},{"@type":"WebSite","@id":"https:\/\/florianfrison.com\/#website","url":"https:\/\/florianfrison.com\/","name":"Florian FRISON - Photography","description":"Wedding &amp; Lifestyle Photographer \u2013 Provence &amp; French Alps","publisher":{"@id":"https:\/\/florianfrison.com\/#organization"},"alternateName":"Florian FRISON","potentialAction":[{"@type":"SearchAction","target":{"@type":"EntryPoint","urlTemplate":"https:\/\/florianfrison.com\/?s={search_term_string}"},"query-input":{"@type":"PropertyValueSpecification","valueRequired":true,"valueName":"search_term_string"}}],"inLanguage":"en-GB"},{"@type":"Organization","@id":"https:\/\/florianfrison.com\/#organization","name":"Florian FRISON - Photography","alternateName":"Florian FRISON","url":"https:\/\/florianfrison.com\/","logo":{"@type":"ImageObject","inLanguage":"en-GB","@id":"https:\/\/florianfrison.com\/#\/schema\/logo\/image\/","url":"https:\/\/florianfrison.com\/wp-content\/uploads\/2025\/11\/LogoNoircompresse.png","contentUrl":"https:\/\/florianfrison.com\/wp-content\/uploads\/2025\/11\/LogoNoircompresse.png","width":500,"height":389,"caption":"Florian FRISON - Photography"},"image":{"@id":"https:\/\/florianfrison.com\/#\/schema\/logo\/image\/"},"sameAs":["https:\/\/www.facebook.com\/Flotographie73000","https:\/\/x.com\/flotographie73","https:\/\/www.instagram.com\/florianfrisonphoto\/","https:\/\/www.linkedin.com\/company\/69712919"]},{"@type":"Person","@id":"https:\/\/florianfrison.com\/#\/schema\/person\/8617b9f43c66ca1213a6ee05b2babc48","name":"Florian FRISON","image":{"@type":"ImageObject","inLanguage":"en-GB","@id":"https:\/\/secure.gravatar.com\/avatar\/684552731c32c09ae5ec626a6a6f25c2fcdddc87f38adadf4bbc85c93a9a5716?s=96&d=mm&r=g","url":"https:\/\/secure.gravatar.com\/avatar\/684552731c32c09ae5ec626a6a6f25c2fcdddc87f38adadf4bbc85c93a9a5716?s=96&d=mm&r=g","contentUrl":"https:\/\/secure.gravatar.com\/avatar\/684552731c32c09ae5ec626a6a6f25c2fcdddc87f38adadf4bbc85c93a9a5716?s=96&d=mm&r=g","caption":"Florian FRISON"},"sameAs":["https:\/\/florianfrison.com"],"url":"https:\/\/florianfrison.com\/en\/author\/flotographie\/"}]}},"_links":{"self":[{"href":"https:\/\/florianfrison.com\/en\/wp-json\/wp\/v2\/posts\/974","targetHints":{"allow":["GET"]}}],"collection":[{"href":"https:\/\/florianfrison.com\/en\/wp-json\/wp\/v2\/posts"}],"about":[{"href":"https:\/\/florianfrison.com\/en\/wp-json\/wp\/v2\/types\/post"}],"author":[{"embeddable":true,"href":"https:\/\/florianfrison.com\/en\/wp-json\/wp\/v2\/users\/1"}],"replies":[{"embeddable":true,"href":"https:\/\/florianfrison.com\/en\/wp-json\/wp\/v2\/comments?post=974"}],"version-history":[{"count":3,"href":"https:\/\/florianfrison.com\/en\/wp-json\/wp\/v2\/posts\/974\/revisions"}],"predecessor-version":[{"id":989,"href":"https:\/\/florianfrison.com\/en\/wp-json\/wp\/v2\/posts\/974\/revisions\/989"}],"wp:featuredmedia":[{"embeddable":true,"href":"https:\/\/florianfrison.com\/en\/wp-json\/wp\/v2\/media\/424"}],"wp:attachment":[{"href":"https:\/\/florianfrison.com\/en\/wp-json\/wp\/v2\/media?parent=974"}],"wp:term":[{"taxonomy":"category","embeddable":true,"href":"https:\/\/florianfrison.com\/en\/wp-json\/wp\/v2\/categories?post=974"},{"taxonomy":"post_tag","embeddable":true,"href":"https:\/\/florianfrison.com\/en\/wp-json\/wp\/v2\/tags?post=974"}],"curies":[{"name":"wp","href":"https:\/\/api.w.org\/{rel}","templated":true}]}}