{"id":930,"date":"2026-01-03T15:55:16","date_gmt":"2026-01-03T14:55:16","guid":{"rendered":"https:\/\/florianfrison.com\/?p=930"},"modified":"2026-03-18T20:39:50","modified_gmt":"2026-03-18T19:39:50","slug":"soiree-delegance-au-chateau-la-beaumetane-le-reportage-de-veronika-maxime","status":"publish","type":"post","link":"https:\/\/florianfrison.com\/en\/2026\/01\/03\/soiree-delegance-au-chateau-la-beaumetane-le-reportage-de-veronika-maxime\/","title":{"rendered":"An Evening of Elegance at Ch\u00e2teau La Beaumetane: V\u00e9ronika &amp; Maxime\u2019s Wedding"},"content":{"rendered":"\n[et_pb_section fb_built=\u00a0\u00bb1&Prime; _builder_version=\u00a0\u00bb4.27.5&Prime; _module_preset=\u00a0\u00bbdefault\u00a0\u00bb global_colors_info=\u00a0\u00bb{}\u00a0\u00bb theme_builder_area=\u00a0\u00bbpost_content\u00a0\u00bb][et_pb_row _builder_version=\u00a0\u00bb4.27.5&Prime; _module_preset=\u00a0\u00bbdefault\u00a0\u00bb global_colors_info=\u00a0\u00bb{}\u00a0\u00bb theme_builder_area=\u00a0\u00bbpost_content\u00a0\u00bb][et_pb_column type=\u00a0\u00bb4_4&Prime; _builder_version=\u00a0\u00bb4.27.5&Prime; _module_preset=\u00a0\u00bbdefault\u00a0\u00bb global_colors_info=\u00a0\u00bb{}\u00a0\u00bb theme_builder_area=\u00a0\u00bbpost_content\u00a0\u00bb][et_pb_text _builder_version=\u00a0\u00bb4.27.5&Prime; _module_preset=\u00a0\u00bbdefault\u00a0\u00bb global_colors_info=\u00a0\u00bb{}\u00a0\u00bb theme_builder_area=\u00a0\u00bbpost_content\u00a0\u00bb]<p><em>Temps de travail sur ce reportage : 25h<\/em><\/p>[\/et_pb_text][et_pb_text _builder_version=\u00a0\u00bb4.27.5&Prime; _module_preset=\u00a0\u00bbdefault\u00a0\u00bb global_colors_info=\u00a0\u00bb{}\u00a0\u00bb theme_builder_area=\u00a0\u00bbpost_content\u00a0\u00bb]<p data-path-to-node=\"9\">Il y a des mariages qu&rsquo;on pr\u00e9pare pendant un an, et d&rsquo;autres o\u00f9 l&rsquo;on doit \u00eatre op\u00e9rationnel en une heure. Ce reportage au <b data-path-to-node=\"9\" data-index-in-node=\"122\">Ch\u00e2teau La Beaumetane<\/b>, pr\u00e8s de La Fare-les-Oliviers, fait partie de la seconde cat\u00e9gorie.<\/p>\n<p data-path-to-node=\"10\">Appel\u00e9 en derni\u00e8re minute pour relayer mon confr\u00e8re <b data-path-to-node=\"10\" data-index-in-node=\"52\">Olivier Malcor<\/b> malheureusement souffrant, je suis arriv\u00e9 \u00e0 19h, alors que le soleil commen\u00e7ait d\u00e9j\u00e0 \u00e0 d\u00e9cliner. Pas de pr\u00e9paratifs, pas de s\u00e9ance couple au coucher du soleil&#8230; juste l&rsquo;imm\u00e9diatet\u00e9 de l&rsquo;\u00e9v\u00e9nement. Mon objectif \u00e9tait simple : me fondre dans le d\u00e9cor, rassurer les mari\u00e9s par ma pr\u00e9sence, et livrer un reportage \u00e0 la hauteur de leur \u00e9l\u00e9gance, peu importe les conditions.<\/p>\n<h2 data-path-to-node=\"11\">L&rsquo;ambiance Cocktail : Saisir l&rsquo;instant<\/h2>\n<p data-path-to-node=\"12\">Quand on arrive sur un mariage d\u00e9j\u00e0 lanc\u00e9, il n&rsquo;y a pas de temps d&rsquo;observation. Il faut capter l&rsquo;ambiance tout de suite. Le cadre du Ch\u00e2teau La Beaumetane offre une atmosph\u00e8re incroyable, m\u00eame en fin de journ\u00e9e. J&rsquo;ai donc concentr\u00e9 mon travail sur ce qui compte le plus : les interactions et les d\u00e9tails qui font le \u00ab\u00a0chic\u00a0\u00bb de la r\u00e9ception.<\/p>[\/et_pb_text][\/et_pb_column][\/et_pb_row][et_pb_row column_structure=\u00a0\u00bb1_2,1_2&Prime; _builder_version=\u00a0\u00bb4.27.5&Prime; _module_preset=\u00a0\u00bbdefault\u00a0\u00bb hover_enabled=\u00a0\u00bb0&Prime; global_colors_info=\u00a0\u00bb{}\u00a0\u00bb theme_builder_area=\u00a0\u00bbpost_content\u00a0\u00bb use_custom_gutter=\u00a0\u00bbon\u00a0\u00bb gutter_width=\u00a0\u00bb2&Prime; sticky_enabled=\u00a0\u00bb0&Prime; width=\u00a0\u00bb90%\u00a0\u00bb][et_pb_column type=\u00a0\u00bb1_2&Prime; _builder_version=\u00a0\u00bb4.27.5&Prime; _module_preset=\u00a0\u00bbdefault\u00a0\u00bb global_colors_info=\u00a0\u00bb{}\u00a0\u00bb theme_builder_area=\u00a0\u00bbpost_content\u00a0\u00bb][et_pb_image src=\u00a0\u00bbhttps:\/\/florianfrison.com\/wp-content\/uploads\/2026\/01\/MariageFlotographie-8417.avif\u00a0\u00bb alt=\u00a0\u00bbTrio de musiciennes avec harpe et violoncelle animant le vin d&rsquo;honneur dans les jardins du Ch\u00e2teau La Beaumetane.\u00a0\u00bb title_text=\u00a0\u00bbMusiciens-cocktail-mariage-chateau-provence\u00a0\u00bb _builder_version=\u00a0\u00bb4.27.5&Prime; _module_preset=\u00a0\u00bbdefault\u00a0\u00bb border_radii=\u00a0\u00bbon|5px|5px|5px|5px\u00a0\u00bb global_colors_info=\u00a0\u00bb{}\u00a0\u00bb theme_builder_area=\u00a0\u00bbpost_content\u00a0\u00bb][\/et_pb_image][\/et_pb_column][et_pb_column type=\u00a0\u00bb1_2&Prime; _builder_version=\u00a0\u00bb4.27.5&Prime; _module_preset=\u00a0\u00bbdefault\u00a0\u00bb global_colors_info=\u00a0\u00bb{}\u00a0\u00bb theme_builder_area=\u00a0\u00bbpost_content\u00a0\u00bb][et_pb_image src=\u00a0\u00bbhttps:\/\/florianfrison.com\/wp-content\/uploads\/2025\/12\/MariageFlotographie-8447_lwsoptimized.avif\u00a0\u00bb alt=\u00a0\u00bbInvit\u00e9s au soleil couchant du Ch\u00e2teau La Beaumetane &#8211; Florian Frison Photographe Mariage Provence.\u00a0\u00bb title_text=\u00a0\u00bbMariage Ch\u00e2teau La Beaumetane\u00a0\u00bb _builder_version=\u00a0\u00bb4.27.5&Prime; _module_preset=\u00a0\u00bbdefault\u00a0\u00bb border_radii=\u00a0\u00bbon|5px|5px|5px|5px\u00a0\u00bb global_colors_info=\u00a0\u00bb{}\u00a0\u00bb theme_builder_area=\u00a0\u00bbpost_content\u00a0\u00bb][\/et_pb_image][\/et_pb_column][\/et_pb_row][et_pb_row _builder_version=\u00a0\u00bb4.27.5&Prime; _module_preset=\u00a0\u00bbdefault\u00a0\u00bb global_colors_info=\u00a0\u00bb{}\u00a0\u00bb theme_builder_area=\u00a0\u00bbpost_content\u00a0\u00bb][et_pb_column type=\u00a0\u00bb4_4&Prime; _builder_version=\u00a0\u00bb4.27.5&Prime; _module_preset=\u00a0\u00bbdefault\u00a0\u00bb global_colors_info=\u00a0\u00bb{}\u00a0\u00bb theme_builder_area=\u00a0\u00bbpost_content\u00a0\u00bb][et_pb_text _builder_version=\u00a0\u00bb4.27.5&Prime; _module_preset=\u00a0\u00bbdefault\u00a0\u00bb global_colors_info=\u00a0\u00bb{}\u00a0\u00bb theme_builder_area=\u00a0\u00bbpost_content\u00a0\u00bb]<h2 data-path-to-node=\"15\">L&rsquo;\u00c9motion des discours : \u00catre l\u00e0, discr\u00e8tement<\/h2>\n<p data-path-to-node=\"16\">La nuit est tomb\u00e9e rapidement ce soir-l\u00e0. Pour un photographe, c&rsquo;est un moment charni\u00e8re : quand le soleil dispara\u00eet, l&rsquo;usage du flash devient quasi indispensable. Tout l&rsquo;enjeu est alors de <b data-path-to-node=\"4,0\" data-index-in-node=\"185\">ma\u00eetriser sa lumi\u00e8re<\/b> pour conserver l&rsquo;atmosph\u00e8re chaleureuse du d\u00eener sans l&rsquo;\u00e9craser avec un \u00e9clairage trop dur.<\/p>\n<p data-path-to-node=\"17\">Pendant le d\u00eener, les discours ont \u00e9t\u00e9 particuli\u00e8rement poignants. Mon r\u00f4le \u00e0 ce moment-l\u00e0 est de me faire oublier. Je travaille en retrait, attentif au moindre changement d&rsquo;expression sur le visage des mari\u00e9s ou de leurs parents. C&rsquo;est souvent l\u00e0 que se cachent les images les plus fortes.<\/p>[\/et_pb_text][\/et_pb_column][\/et_pb_row][et_pb_row _builder_version=\u00a0\u00bb4.27.5&Prime; _module_preset=\u00a0\u00bbdefault\u00a0\u00bb hover_enabled=\u00a0\u00bb0&Prime; global_colors_info=\u00a0\u00bb{}\u00a0\u00bb theme_builder_area=\u00a0\u00bbpost_content\u00a0\u00bb use_custom_gutter=\u00a0\u00bbon\u00a0\u00bb gutter_width=\u00a0\u00bb2&Prime; width=\u00a0\u00bb90%\u00a0\u00bb sticky_enabled=\u00a0\u00bb0&Prime;][et_pb_column type=\u00a0\u00bb4_4&Prime; _builder_version=\u00a0\u00bb4.27.5&Prime; _module_preset=\u00a0\u00bbdefault\u00a0\u00bb global_colors_info=\u00a0\u00bb{}\u00a0\u00bb theme_builder_area=\u00a0\u00bbpost_content\u00a0\u00bb][et_pb_image src=\u00a0\u00bbhttps:\/\/florianfrison.com\/wp-content\/uploads\/2026\/01\/MariageFlotographie-8815.avif\u00a0\u00bb alt=\u00a0\u00bbMari\u00e9e \u00e9mue aux larmes \u00e9coutant un discours lors de son mariage au Ch\u00e2teau La Beaumetane en Provence.\u00a0\u00bb title_text=\u00a0\u00bbEmotion-mariee-discours-chateau-la-beaumetane\u00a0\u00bb _builder_version=\u00a0\u00bb4.27.5&Prime; _module_preset=\u00a0\u00bbdefault\u00a0\u00bb border_radii=\u00a0\u00bbon|5px|5px|5px|5px\u00a0\u00bb global_colors_info=\u00a0\u00bb{}\u00a0\u00bb theme_builder_area=\u00a0\u00bbpost_content\u00a0\u00bb][\/et_pb_image][\/et_pb_column][\/et_pb_row][et_pb_row _builder_version=\u00a0\u00bb4.27.5&Prime; _module_preset=\u00a0\u00bbdefault\u00a0\u00bb global_colors_info=\u00a0\u00bb{}\u00a0\u00bb theme_builder_area=\u00a0\u00bbpost_content\u00a0\u00bb][et_pb_column type=\u00a0\u00bb4_4&Prime; _builder_version=\u00a0\u00bb4.27.5&Prime; _module_preset=\u00a0\u00bbdefault\u00a0\u00bb global_colors_info=\u00a0\u00bb{}\u00a0\u00bb theme_builder_area=\u00a0\u00bbpost_content\u00a0\u00bb][et_pb_text _builder_version=\u00a0\u00bb4.27.5&Prime; _module_preset=\u00a0\u00bbdefault\u00a0\u00bb global_colors_info=\u00a0\u00bb{}\u00a0\u00bb theme_builder_area=\u00a0\u00bbpost_content\u00a0\u00bb]<h2 data-path-to-node=\"20\">Place \u00e0 la f\u00eate !<\/h2>\n<p data-path-to-node=\"21\">Une fois l&rsquo;\u00e9motion pass\u00e9e, la pression retombe et laisse place \u00e0 la c\u00e9l\u00e9bration. C&rsquo;est une partie du reportage que j&rsquo;affectionne particuli\u00e8rement. Je ne reste pas dans mon coin : je vais chercher l&rsquo;\u00e9nergie sur la piste de danse.<\/p>\n<p data-path-to-node=\"22\">Que ce soit pour la cascade de champagne ou les d\u00e9lires entre amis sur le dancefloor, je m&rsquo;assure que chaque \u00e9clat de rire soit immortalis\u00e9. C&rsquo;est aussi \u00e7a, le souvenir d&rsquo;un mariage : la joie pure et le l\u00e2cher-prise.<\/p>[\/et_pb_text][\/et_pb_column][\/et_pb_row][et_pb_row column_structure=\u00a0\u00bb1_3,1_3,1_3&Prime; _builder_version=\u00a0\u00bb4.27.5&Prime; _module_preset=\u00a0\u00bbdefault\u00a0\u00bb hover_enabled=\u00a0\u00bb0&Prime; border_radii=\u00a0\u00bbon|5px|5px|5px|5px\u00a0\u00bb global_colors_info=\u00a0\u00bb{}\u00a0\u00bb theme_builder_area=\u00a0\u00bbpost_content\u00a0\u00bb sticky_enabled=\u00a0\u00bb0&Prime; use_custom_gutter=\u00a0\u00bbon\u00a0\u00bb gutter_width=\u00a0\u00bb2&Prime; width=\u00a0\u00bb90%\u00a0\u00bb][et_pb_column type=\u00a0\u00bb1_3&Prime; _builder_version=\u00a0\u00bb4.27.5&Prime; _module_preset=\u00a0\u00bbdefault\u00a0\u00bb global_colors_info=\u00a0\u00bb{}\u00a0\u00bb theme_builder_area=\u00a0\u00bbpost_content\u00a0\u00bb][et_pb_image src=\u00a0\u00bbhttps:\/\/florianfrison.com\/wp-content\/uploads\/2025\/12\/MariageFlotographie-5441_lwsoptimized.avif\u00a0\u00bb alt=\u00a0\u00bbD\u00e9coupe du gateau au Ch\u00e2teau La Beaumetane &#8211; Florian Frison Photographe Mariage Provence.\u00a0\u00bb title_text=\u00a0\u00bbMariage Ch\u00e2teau La Beaumetane\u00a0\u00bb _builder_version=\u00a0\u00bb4.27.5&Prime; _module_preset=\u00a0\u00bbdefault\u00a0\u00bb hover_enabled=\u00a0\u00bb0&Prime; global_colors_info=\u00a0\u00bb{}\u00a0\u00bb theme_builder_area=\u00a0\u00bbpost_content\u00a0\u00bb border_radii=\u00a0\u00bbon|5px|5px|5px|5px\u00a0\u00bb sticky_enabled=\u00a0\u00bb0&Prime;][\/et_pb_image][\/et_pb_column][et_pb_column type=\u00a0\u00bb1_3&Prime; _builder_version=\u00a0\u00bb4.27.5&Prime; _module_preset=\u00a0\u00bbdefault\u00a0\u00bb global_colors_info=\u00a0\u00bb{}\u00a0\u00bb theme_builder_area=\u00a0\u00bbpost_content\u00a0\u00bb][et_pb_image src=\u00a0\u00bbhttps:\/\/florianfrison.com\/wp-content\/uploads\/2025\/12\/MariageFlotographie-9466_lwsoptimized.avif\u00a0\u00bb alt=\u00a0\u00bbLa soir\u00e9e au Ch\u00e2teau La Beaumetane &#8211; Florian Frison Photographe Mariage Provence.\u00a0\u00bb title_text=\u00a0\u00bbMariage Ch\u00e2teau La Beaumetane\u00a0\u00bb _builder_version=\u00a0\u00bb4.27.5&Prime; _module_preset=\u00a0\u00bbdefault\u00a0\u00bb global_colors_info=\u00a0\u00bb{}\u00a0\u00bb theme_builder_area=\u00a0\u00bbpost_content\u00a0\u00bb border_radii=\u00a0\u00bbon|5px|5px|5px|5px\u00a0\u00bb][\/et_pb_image][\/et_pb_column][et_pb_column type=\u00a0\u00bb1_3&Prime; _builder_version=\u00a0\u00bb4.27.5&Prime; _module_preset=\u00a0\u00bbdefault\u00a0\u00bb global_colors_info=\u00a0\u00bb{}\u00a0\u00bb theme_builder_area=\u00a0\u00bbpost_content\u00a0\u00bb][et_pb_image src=\u00a0\u00bbhttps:\/\/florianfrison.com\/wp-content\/uploads\/2025\/12\/MariageFlotographie-9478_lwsoptimized.avif\u00a0\u00bb alt=\u00a0\u00bbLa soir\u00e9e au Ch\u00e2teau La Beaumetane &#8211; Florian Frison Photographe Mariage Provence.\u00a0\u00bb title_text=\u00a0\u00bbMariage Ch\u00e2teau La Beaumetane\u00a0\u00bb _builder_version=\u00a0\u00bb4.27.5&Prime; _module_preset=\u00a0\u00bbdefault\u00a0\u00bb global_colors_info=\u00a0\u00bb{}\u00a0\u00bb theme_builder_area=\u00a0\u00bbpost_content\u00a0\u00bb border_radii=\u00a0\u00bbon|5px|5px|5px|5px\u00a0\u00bb][\/et_pb_image][\/et_pb_column][\/et_pb_row][et_pb_row _builder_version=\u00a0\u00bb4.27.5&Prime; _module_preset=\u00a0\u00bbdefault\u00a0\u00bb global_colors_info=\u00a0\u00bb{}\u00a0\u00bb theme_builder_area=\u00a0\u00bbpost_content\u00a0\u00bb][et_pb_column type=\u00a0\u00bb4_4&Prime; _builder_version=\u00a0\u00bb4.27.5&Prime; _module_preset=\u00a0\u00bbdefault\u00a0\u00bb global_colors_info=\u00a0\u00bb{}\u00a0\u00bb theme_builder_area=\u00a0\u00bbpost_content\u00a0\u00bb][et_pb_text _builder_version=\u00a0\u00bb4.27.5&Prime; _module_preset=\u00a0\u00bbdefault\u00a0\u00bb global_colors_info=\u00a0\u00bb{}\u00a0\u00bb theme_builder_area=\u00a0\u00bbpost_content\u00a0\u00bb]<h2 data-path-to-node=\"25\">Les prestataires<\/h2>\n<p data-path-to-node=\"26\">Un grand merci \u00e0 l&rsquo;\u00e9quipe pr\u00e9sente ce soir-l\u00e0, avec qui la collaboration a \u00e9t\u00e9 fluide et professionnelle malgr\u00e9 mon arriv\u00e9e impromptue :<\/p>\n<ul data-path-to-node=\"27\">\n<li>\n<p data-path-to-node=\"27,0,0\"><b data-path-to-node=\"27,0,0\" data-index-in-node=\"0\">Lieu de r\u00e9ception :<\/b> <response-element class=\"\" ng-version=\"0.0.0-PLACEHOLDER\"> <link-block _nghost-ng-c798724150=\"\" class=\"ng-star-inserted\"><a _ngcontent-ng-c798724150=\"\" target=\"_blank\" rel=\"noopener\" externallink=\"\" _nghost-ng-c3711450502=\"\" jslog=\"197247;track:generic_click,impression,attention;BardVeMetadataKey:[[&quot;r_6901870ee43edb90&quot;,&quot;c_5ae7dabf409dd473&quot;,null,&quot;rc_b6900fee6f7f9868&quot;,null,null,&quot;fr&quot;,null,1,null,null,1,0]]\" href=\"https:\/\/www.instagram.com\/chateaulabeaumetanenew\/\" class=\"ng-star-inserted\" data-hveid=\"0\" decode-data-ved=\"1\" data-ved=\"0CAAQ_4QMahgKEwi_09CNje-RAxUAAAAAHQAAAAAQsQc\">Ch\u00e2teau La Beaumetane<\/a><\/link-block><\/response-element><\/p>\n<\/li>\n<li>\n<p data-path-to-node=\"27,1,0\"><b data-path-to-node=\"27,1,0\" data-index-in-node=\"0\">Photographe (Journ\u00e9e) :<\/b> <response-element class=\"\" ng-version=\"0.0.0-PLACEHOLDER\"> <link-block _nghost-ng-c798724150=\"\" class=\"ng-star-inserted\"><a _ngcontent-ng-c798724150=\"\" target=\"_blank\" rel=\"noopener\" externallink=\"\" _nghost-ng-c3711450502=\"\" jslog=\"197247;track:generic_click,impression,attention;BardVeMetadataKey:[[&quot;r_6901870ee43edb90&quot;,&quot;c_5ae7dabf409dd473&quot;,null,&quot;rc_b6900fee6f7f9868&quot;,null,null,&quot;fr&quot;,null,1,null,null,1,0]]\" href=\"https:\/\/www.mariage-de-photos.fr\/\" class=\"ng-star-inserted\" data-hveid=\"0\" decode-data-ved=\"1\" data-ved=\"0CAAQ_4QMahgKEwi_09CNje-RAxUAAAAAHQAAAAAQsgc\">Olivier Malcor<\/a><\/link-block><\/response-element><\/p>\n<\/li>\n<li>\n<p data-path-to-node=\"27,2,0\"><b data-path-to-node=\"27,2,0\" data-index-in-node=\"0\">Photographe (Soir\u00e9e) :<\/b> <a href=\"https:\/\/www.florianfrison.com\" target=\"_blank\" rel=\"noopener\">Florian Frison<\/a><\/p>\n<\/li>\n<li>\n<p data-path-to-node=\"27,3,0\"><b data-path-to-node=\"27,3,0\" data-index-in-node=\"0\">Traiteur :<\/b> <a href=\"https:\/\/www.instagram.com\/aumertraiteur\" target=\"_blank\" rel=\"noopener\">Aumeur Traiteur<\/a><\/p>\n<\/li>\n<li>\n<p data-path-to-node=\"27,4,0\"><b data-path-to-node=\"27,4,0\" data-index-in-node=\"0\">DJ :<\/b> <a href=\"https:\/\/www.instagram.com\/dj_shults\" target=\"_blank\" rel=\"noopener\">Ruslan Shults<\/a><\/p>\n<\/li>\n<li>\n<p data-path-to-node=\"27,5,0\"><b data-path-to-node=\"27,5,0\" data-index-in-node=\"0\">Animatrice :<\/b> <a href=\"https:\/\/www.instagram.com\/mariage_suisse\" target=\"_blank\" rel=\"noopener\">Anna Shults<\/a><\/p>\n<\/li>\n<li>\n<p data-path-to-node=\"27,6,0\"><b data-path-to-node=\"27,6,0\" data-index-in-node=\"0\">Vid\u00e9aste :<\/b> <a href=\"https:\/\/www.instagram.com\/arthurcvln\" target=\"_blank\" rel=\"noopener\">Arthur Cavallini<\/a><\/p>\n<\/li>\n<\/ul>\n<p data-path-to-node=\"28\">Ce mariage restera la preuve que la confiance et l&rsquo;exp\u00e9rience permettent de surmonter tous les impr\u00e9vus pour ne garder que le meilleur : vos souvenirs.<\/p>[\/et_pb_text][\/et_pb_column][\/et_pb_row][\/et_pb_section]\n","protected":false},"excerpt":{"rendered":"<p>Temps de travail sur ce reportage : 25hIl y a des mariages qu&rsquo;on pr\u00e9pare pendant un an, et d&rsquo;autres o\u00f9 l&rsquo;on doit \u00eatre op\u00e9rationnel en une heure. Ce reportage au Ch\u00e2teau La Beaumetane, pr\u00e8s de La Fare-les-Oliviers, fait partie de la seconde cat\u00e9gorie. Appel\u00e9 en derni\u00e8re minute pour relayer mon confr\u00e8re Olivier Malcor malheureusement souffrant, [&hellip;]<\/p>\n","protected":false},"author":1,"featured_media":451,"comment_status":"open","ping_status":"open","sticky":false,"template":"","format":"standard","meta":{"_et_pb_use_builder":"on","_et_pb_old_content":"","_et_gb_content_width":"","footnotes":""},"categories":[17,19],"tags":[],"class_list":["post-930","post","type-post","status-publish","format-standard","has-post-thumbnail","hentry","category-mariage","category-seance-photo"],"yoast_head":"<!-- This site is optimized with the Yoast SEO plugin v27.5 - https:\/\/yoast.com\/product\/yoast-seo-wordpress\/ -->\n<title>Photographe Mariage Ch\u00e2teau La Beaumetane | Florian Frison<\/title>\n<meta name=\"description\" content=\"Arriv\u00e9 \u00e0 19h pour un remplacement impr\u00e9vu, d\u00e9couvrez comment j&#039;ai immortalis\u00e9 l&#039;\u00e9motion et la f\u00eate de ce mariage en Provence. Une ma\u00eetrise de la lumi\u00e8re, m\u00eame la nuit.\" \/>\n<meta name=\"robots\" content=\"index, follow, max-snippet:-1, max-image-preview:large, max-video-preview:-1\" \/>\n<link rel=\"canonical\" href=\"https:\/\/florianfrison.com\/en\/2026\/01\/03\/soiree-delegance-au-chateau-la-beaumetane-le-reportage-de-veronika-maxime\/\" \/>\n<meta property=\"og:locale\" content=\"en_GB\" \/>\n<meta property=\"og:type\" content=\"article\" \/>\n<meta property=\"og:title\" content=\"Photographe Mariage Ch\u00e2teau La Beaumetane | Florian Frison\" \/>\n<meta property=\"og:description\" content=\"Arriv\u00e9 \u00e0 19h pour un remplacement impr\u00e9vu, d\u00e9couvrez comment j&#039;ai immortalis\u00e9 l&#039;\u00e9motion et la f\u00eate de ce mariage en Provence. Une ma\u00eetrise de la lumi\u00e8re, m\u00eame la nuit.\" \/>\n<meta property=\"og:url\" content=\"https:\/\/florianfrison.com\/en\/2026\/01\/03\/soiree-delegance-au-chateau-la-beaumetane-le-reportage-de-veronika-maxime\/\" \/>\n<meta property=\"og:site_name\" content=\"Florian FRISON - Photography\" \/>\n<meta property=\"article:publisher\" content=\"https:\/\/www.facebook.com\/Flotographie73000\" \/>\n<meta property=\"article:published_time\" content=\"2026-01-03T14:55:16+00:00\" \/>\n<meta property=\"article:modified_time\" content=\"2026-03-18T19:39:50+00:00\" \/>\n<meta name=\"author\" content=\"Florian FRISON\" \/>\n<meta name=\"twitter:card\" content=\"summary_large_image\" \/>\n<meta name=\"twitter:creator\" content=\"@flotographie73\" \/>\n<meta name=\"twitter:site\" content=\"@flotographie73\" \/>\n<meta name=\"twitter:label1\" content=\"Written by\" \/>\n\t<meta name=\"twitter:data1\" content=\"Florian FRISON\" \/>\n\t<meta name=\"twitter:label2\" content=\"Estimated reading time\" \/>\n\t<meta name=\"twitter:data2\" content=\"4 minutes\" \/>\n<script type=\"application\/ld+json\" class=\"yoast-schema-graph\">{\"@context\":\"https:\\\/\\\/schema.org\",\"@graph\":[{\"@type\":\"Article\",\"@id\":\"https:\\\/\\\/florianfrison.com\\\/2026\\\/01\\\/03\\\/soiree-delegance-au-chateau-la-beaumetane-le-reportage-de-veronika-maxime\\\/#article\",\"isPartOf\":{\"@id\":\"https:\\\/\\\/florianfrison.com\\\/2026\\\/01\\\/03\\\/soiree-delegance-au-chateau-la-beaumetane-le-reportage-de-veronika-maxime\\\/\"},\"author\":{\"name\":\"Florian FRISON\",\"@id\":\"https:\\\/\\\/florianfrison.com\\\/#\\\/schema\\\/person\\\/8617b9f43c66ca1213a6ee05b2babc48\"},\"headline\":\"Soir\u00e9e d&rsquo;\u00e9l\u00e9gance au Ch\u00e2teau La Beaumetane : Le reportage de V\u00e9ronika &amp; Maxime\",\"datePublished\":\"2026-01-03T14:55:16+00:00\",\"dateModified\":\"2026-03-18T19:39:50+00:00\",\"mainEntityOfPage\":{\"@id\":\"https:\\\/\\\/florianfrison.com\\\/2026\\\/01\\\/03\\\/soiree-delegance-au-chateau-la-beaumetane-le-reportage-de-veronika-maxime\\\/\"},\"wordCount\":1361,\"commentCount\":0,\"publisher\":{\"@id\":\"https:\\\/\\\/florianfrison.com\\\/#organization\"},\"image\":{\"@id\":\"https:\\\/\\\/florianfrison.com\\\/2026\\\/01\\\/03\\\/soiree-delegance-au-chateau-la-beaumetane-le-reportage-de-veronika-maxime\\\/#primaryimage\"},\"thumbnailUrl\":\"https:\\\/\\\/florianfrison.com\\\/wp-content\\\/uploads\\\/2025\\\/12\\\/MariageFlotographie-8560_lwsoptimized.avif\",\"articleSection\":[\"Mariage\",\"S\u00e9ance photo\"],\"inLanguage\":\"en-GB\",\"potentialAction\":[{\"@type\":\"CommentAction\",\"name\":\"Comment\",\"target\":[\"https:\\\/\\\/florianfrison.com\\\/2026\\\/01\\\/03\\\/soiree-delegance-au-chateau-la-beaumetane-le-reportage-de-veronika-maxime\\\/#respond\"]}]},{\"@type\":\"WebPage\",\"@id\":\"https:\\\/\\\/florianfrison.com\\\/2026\\\/01\\\/03\\\/soiree-delegance-au-chateau-la-beaumetane-le-reportage-de-veronika-maxime\\\/\",\"url\":\"https:\\\/\\\/florianfrison.com\\\/2026\\\/01\\\/03\\\/soiree-delegance-au-chateau-la-beaumetane-le-reportage-de-veronika-maxime\\\/\",\"name\":\"Photographe Mariage Ch\u00e2teau La Beaumetane | Florian Frison\",\"isPartOf\":{\"@id\":\"https:\\\/\\\/florianfrison.com\\\/#website\"},\"primaryImageOfPage\":{\"@id\":\"https:\\\/\\\/florianfrison.com\\\/2026\\\/01\\\/03\\\/soiree-delegance-au-chateau-la-beaumetane-le-reportage-de-veronika-maxime\\\/#primaryimage\"},\"image\":{\"@id\":\"https:\\\/\\\/florianfrison.com\\\/2026\\\/01\\\/03\\\/soiree-delegance-au-chateau-la-beaumetane-le-reportage-de-veronika-maxime\\\/#primaryimage\"},\"thumbnailUrl\":\"https:\\\/\\\/florianfrison.com\\\/wp-content\\\/uploads\\\/2025\\\/12\\\/MariageFlotographie-8560_lwsoptimized.avif\",\"datePublished\":\"2026-01-03T14:55:16+00:00\",\"dateModified\":\"2026-03-18T19:39:50+00:00\",\"description\":\"Arriv\u00e9 \u00e0 19h pour un remplacement impr\u00e9vu, d\u00e9couvrez comment j'ai immortalis\u00e9 l'\u00e9motion et la f\u00eate de ce mariage en Provence. Une ma\u00eetrise de la lumi\u00e8re, m\u00eame la nuit.\",\"breadcrumb\":{\"@id\":\"https:\\\/\\\/florianfrison.com\\\/2026\\\/01\\\/03\\\/soiree-delegance-au-chateau-la-beaumetane-le-reportage-de-veronika-maxime\\\/#breadcrumb\"},\"inLanguage\":\"en-GB\",\"potentialAction\":[{\"@type\":\"ReadAction\",\"target\":[\"https:\\\/\\\/florianfrison.com\\\/2026\\\/01\\\/03\\\/soiree-delegance-au-chateau-la-beaumetane-le-reportage-de-veronika-maxime\\\/\"]}]},{\"@type\":\"ImageObject\",\"inLanguage\":\"en-GB\",\"@id\":\"https:\\\/\\\/florianfrison.com\\\/2026\\\/01\\\/03\\\/soiree-delegance-au-chateau-la-beaumetane-le-reportage-de-veronika-maxime\\\/#primaryimage\",\"url\":\"https:\\\/\\\/florianfrison.com\\\/wp-content\\\/uploads\\\/2025\\\/12\\\/MariageFlotographie-8560_lwsoptimized.avif\",\"contentUrl\":\"https:\\\/\\\/florianfrison.com\\\/wp-content\\\/uploads\\\/2025\\\/12\\\/MariageFlotographie-8560_lwsoptimized.avif\",\"width\":1920,\"height\":1280,\"caption\":\"Regard de la mari\u00e9e de nuit au Ch\u00e2teau La Beaumetane - Florian Frison Photographe Mariage Provence.\"},{\"@type\":\"BreadcrumbList\",\"@id\":\"https:\\\/\\\/florianfrison.com\\\/2026\\\/01\\\/03\\\/soiree-delegance-au-chateau-la-beaumetane-le-reportage-de-veronika-maxime\\\/#breadcrumb\",\"itemListElement\":[{\"@type\":\"ListItem\",\"position\":1,\"name\":\"Home\",\"item\":\"https:\\\/\\\/florianfrison.com\\\/\"},{\"@type\":\"ListItem\",\"position\":2,\"name\":\"Soir\u00e9e d&rsquo;\u00e9l\u00e9gance au Ch\u00e2teau La Beaumetane : Le reportage de V\u00e9ronika &amp; Maxime\"}]},{\"@type\":\"WebSite\",\"@id\":\"https:\\\/\\\/florianfrison.com\\\/#website\",\"url\":\"https:\\\/\\\/florianfrison.com\\\/\",\"name\":\"Florian FRISON - Photography\",\"description\":\"Photographe de Mariage &amp; Lifestyle \u2013 Provence &amp; Savoie\",\"publisher\":{\"@id\":\"https:\\\/\\\/florianfrison.com\\\/#organization\"},\"alternateName\":\"Florian FRISON\",\"potentialAction\":[{\"@type\":\"SearchAction\",\"target\":{\"@type\":\"EntryPoint\",\"urlTemplate\":\"https:\\\/\\\/florianfrison.com\\\/?s={search_term_string}\"},\"query-input\":{\"@type\":\"PropertyValueSpecification\",\"valueRequired\":true,\"valueName\":\"search_term_string\"}}],\"inLanguage\":\"en-GB\"},{\"@type\":\"Organization\",\"@id\":\"https:\\\/\\\/florianfrison.com\\\/#organization\",\"name\":\"Florian FRISON - Photography\",\"alternateName\":\"Florian FRISON\",\"url\":\"https:\\\/\\\/florianfrison.com\\\/\",\"logo\":{\"@type\":\"ImageObject\",\"inLanguage\":\"en-GB\",\"@id\":\"https:\\\/\\\/florianfrison.com\\\/#\\\/schema\\\/logo\\\/image\\\/\",\"url\":\"https:\\\/\\\/florianfrison.com\\\/wp-content\\\/uploads\\\/2025\\\/11\\\/LogoNoircompresse.png\",\"contentUrl\":\"https:\\\/\\\/florianfrison.com\\\/wp-content\\\/uploads\\\/2025\\\/11\\\/LogoNoircompresse.png\",\"width\":500,\"height\":389,\"caption\":\"Florian FRISON - Photography\"},\"image\":{\"@id\":\"https:\\\/\\\/florianfrison.com\\\/#\\\/schema\\\/logo\\\/image\\\/\"},\"sameAs\":[\"https:\\\/\\\/www.facebook.com\\\/Flotographie73000\",\"https:\\\/\\\/x.com\\\/flotographie73\",\"https:\\\/\\\/www.instagram.com\\\/florianfrisonphoto\\\/\",\"https:\\\/\\\/www.linkedin.com\\\/company\\\/69712919\"]},{\"@type\":\"Person\",\"@id\":\"https:\\\/\\\/florianfrison.com\\\/#\\\/schema\\\/person\\\/8617b9f43c66ca1213a6ee05b2babc48\",\"name\":\"Florian FRISON\",\"image\":{\"@type\":\"ImageObject\",\"inLanguage\":\"en-GB\",\"@id\":\"https:\\\/\\\/secure.gravatar.com\\\/avatar\\\/684552731c32c09ae5ec626a6a6f25c2fcdddc87f38adadf4bbc85c93a9a5716?s=96&d=mm&r=g\",\"url\":\"https:\\\/\\\/secure.gravatar.com\\\/avatar\\\/684552731c32c09ae5ec626a6a6f25c2fcdddc87f38adadf4bbc85c93a9a5716?s=96&d=mm&r=g\",\"contentUrl\":\"https:\\\/\\\/secure.gravatar.com\\\/avatar\\\/684552731c32c09ae5ec626a6a6f25c2fcdddc87f38adadf4bbc85c93a9a5716?s=96&d=mm&r=g\",\"caption\":\"Florian FRISON\"},\"sameAs\":[\"https:\\\/\\\/florianfrison.com\"],\"url\":\"https:\\\/\\\/florianfrison.com\\\/en\\\/author\\\/flotographie\\\/\"}]}<\/script>\n<!-- \/ Yoast SEO plugin. -->","yoast_head_json":{"title":"Photographe Mariage Ch\u00e2teau La Beaumetane | Florian Frison","description":"Arriv\u00e9 \u00e0 19h pour un remplacement impr\u00e9vu, d\u00e9couvrez comment j'ai immortalis\u00e9 l'\u00e9motion et la f\u00eate de ce mariage en Provence. Une ma\u00eetrise de la lumi\u00e8re, m\u00eame la nuit.","robots":{"index":"index","follow":"follow","max-snippet":"max-snippet:-1","max-image-preview":"max-image-preview:large","max-video-preview":"max-video-preview:-1"},"canonical":"https:\/\/florianfrison.com\/en\/2026\/01\/03\/soiree-delegance-au-chateau-la-beaumetane-le-reportage-de-veronika-maxime\/","og_locale":"en_GB","og_type":"article","og_title":"Photographe Mariage Ch\u00e2teau La Beaumetane | Florian Frison","og_description":"Arriv\u00e9 \u00e0 19h pour un remplacement impr\u00e9vu, d\u00e9couvrez comment j'ai immortalis\u00e9 l'\u00e9motion et la f\u00eate de ce mariage en Provence. Une ma\u00eetrise de la lumi\u00e8re, m\u00eame la nuit.","og_url":"https:\/\/florianfrison.com\/en\/2026\/01\/03\/soiree-delegance-au-chateau-la-beaumetane-le-reportage-de-veronika-maxime\/","og_site_name":"Florian FRISON - Photography","article_publisher":"https:\/\/www.facebook.com\/Flotographie73000","article_published_time":"2026-01-03T14:55:16+00:00","article_modified_time":"2026-03-18T19:39:50+00:00","author":"Florian FRISON","twitter_card":"summary_large_image","twitter_creator":"@flotographie73","twitter_site":"@flotographie73","twitter_misc":{"Written by":"Florian FRISON","Estimated reading time":"4 minutes"},"schema":{"@context":"https:\/\/schema.org","@graph":[{"@type":"Article","@id":"https:\/\/florianfrison.com\/2026\/01\/03\/soiree-delegance-au-chateau-la-beaumetane-le-reportage-de-veronika-maxime\/#article","isPartOf":{"@id":"https:\/\/florianfrison.com\/2026\/01\/03\/soiree-delegance-au-chateau-la-beaumetane-le-reportage-de-veronika-maxime\/"},"author":{"name":"Florian FRISON","@id":"https:\/\/florianfrison.com\/#\/schema\/person\/8617b9f43c66ca1213a6ee05b2babc48"},"headline":"Soir\u00e9e d&rsquo;\u00e9l\u00e9gance au Ch\u00e2teau La Beaumetane : Le reportage de V\u00e9ronika &amp; Maxime","datePublished":"2026-01-03T14:55:16+00:00","dateModified":"2026-03-18T19:39:50+00:00","mainEntityOfPage":{"@id":"https:\/\/florianfrison.com\/2026\/01\/03\/soiree-delegance-au-chateau-la-beaumetane-le-reportage-de-veronika-maxime\/"},"wordCount":1361,"commentCount":0,"publisher":{"@id":"https:\/\/florianfrison.com\/#organization"},"image":{"@id":"https:\/\/florianfrison.com\/2026\/01\/03\/soiree-delegance-au-chateau-la-beaumetane-le-reportage-de-veronika-maxime\/#primaryimage"},"thumbnailUrl":"https:\/\/florianfrison.com\/wp-content\/uploads\/2025\/12\/MariageFlotographie-8560_lwsoptimized.avif","articleSection":["Mariage","S\u00e9ance photo"],"inLanguage":"en-GB","potentialAction":[{"@type":"CommentAction","name":"Comment","target":["https:\/\/florianfrison.com\/2026\/01\/03\/soiree-delegance-au-chateau-la-beaumetane-le-reportage-de-veronika-maxime\/#respond"]}]},{"@type":"WebPage","@id":"https:\/\/florianfrison.com\/2026\/01\/03\/soiree-delegance-au-chateau-la-beaumetane-le-reportage-de-veronika-maxime\/","url":"https:\/\/florianfrison.com\/2026\/01\/03\/soiree-delegance-au-chateau-la-beaumetane-le-reportage-de-veronika-maxime\/","name":"Photographe Mariage Ch\u00e2teau La Beaumetane | Florian Frison","isPartOf":{"@id":"https:\/\/florianfrison.com\/#website"},"primaryImageOfPage":{"@id":"https:\/\/florianfrison.com\/2026\/01\/03\/soiree-delegance-au-chateau-la-beaumetane-le-reportage-de-veronika-maxime\/#primaryimage"},"image":{"@id":"https:\/\/florianfrison.com\/2026\/01\/03\/soiree-delegance-au-chateau-la-beaumetane-le-reportage-de-veronika-maxime\/#primaryimage"},"thumbnailUrl":"https:\/\/florianfrison.com\/wp-content\/uploads\/2025\/12\/MariageFlotographie-8560_lwsoptimized.avif","datePublished":"2026-01-03T14:55:16+00:00","dateModified":"2026-03-18T19:39:50+00:00","description":"Arriv\u00e9 \u00e0 19h pour un remplacement impr\u00e9vu, d\u00e9couvrez comment j'ai immortalis\u00e9 l'\u00e9motion et la f\u00eate de ce mariage en Provence. Une ma\u00eetrise de la lumi\u00e8re, m\u00eame la nuit.","breadcrumb":{"@id":"https:\/\/florianfrison.com\/2026\/01\/03\/soiree-delegance-au-chateau-la-beaumetane-le-reportage-de-veronika-maxime\/#breadcrumb"},"inLanguage":"en-GB","potentialAction":[{"@type":"ReadAction","target":["https:\/\/florianfrison.com\/2026\/01\/03\/soiree-delegance-au-chateau-la-beaumetane-le-reportage-de-veronika-maxime\/"]}]},{"@type":"ImageObject","inLanguage":"en-GB","@id":"https:\/\/florianfrison.com\/2026\/01\/03\/soiree-delegance-au-chateau-la-beaumetane-le-reportage-de-veronika-maxime\/#primaryimage","url":"https:\/\/florianfrison.com\/wp-content\/uploads\/2025\/12\/MariageFlotographie-8560_lwsoptimized.avif","contentUrl":"https:\/\/florianfrison.com\/wp-content\/uploads\/2025\/12\/MariageFlotographie-8560_lwsoptimized.avif","width":1920,"height":1280,"caption":"Regard de la mari\u00e9e de nuit au Ch\u00e2teau La Beaumetane - Florian Frison Photographe Mariage Provence."},{"@type":"BreadcrumbList","@id":"https:\/\/florianfrison.com\/2026\/01\/03\/soiree-delegance-au-chateau-la-beaumetane-le-reportage-de-veronika-maxime\/#breadcrumb","itemListElement":[{"@type":"ListItem","position":1,"name":"Home","item":"https:\/\/florianfrison.com\/"},{"@type":"ListItem","position":2,"name":"Soir\u00e9e d&rsquo;\u00e9l\u00e9gance au Ch\u00e2teau La Beaumetane : Le reportage de V\u00e9ronika &amp; Maxime"}]},{"@type":"WebSite","@id":"https:\/\/florianfrison.com\/#website","url":"https:\/\/florianfrison.com\/","name":"Florian FRISON - Photography","description":"Wedding &amp; Lifestyle Photographer \u2013 Provence &amp; French Alps","publisher":{"@id":"https:\/\/florianfrison.com\/#organization"},"alternateName":"Florian FRISON","potentialAction":[{"@type":"SearchAction","target":{"@type":"EntryPoint","urlTemplate":"https:\/\/florianfrison.com\/?s={search_term_string}"},"query-input":{"@type":"PropertyValueSpecification","valueRequired":true,"valueName":"search_term_string"}}],"inLanguage":"en-GB"},{"@type":"Organization","@id":"https:\/\/florianfrison.com\/#organization","name":"Florian FRISON - Photography","alternateName":"Florian FRISON","url":"https:\/\/florianfrison.com\/","logo":{"@type":"ImageObject","inLanguage":"en-GB","@id":"https:\/\/florianfrison.com\/#\/schema\/logo\/image\/","url":"https:\/\/florianfrison.com\/wp-content\/uploads\/2025\/11\/LogoNoircompresse.png","contentUrl":"https:\/\/florianfrison.com\/wp-content\/uploads\/2025\/11\/LogoNoircompresse.png","width":500,"height":389,"caption":"Florian FRISON - Photography"},"image":{"@id":"https:\/\/florianfrison.com\/#\/schema\/logo\/image\/"},"sameAs":["https:\/\/www.facebook.com\/Flotographie73000","https:\/\/x.com\/flotographie73","https:\/\/www.instagram.com\/florianfrisonphoto\/","https:\/\/www.linkedin.com\/company\/69712919"]},{"@type":"Person","@id":"https:\/\/florianfrison.com\/#\/schema\/person\/8617b9f43c66ca1213a6ee05b2babc48","name":"Florian FRISON","image":{"@type":"ImageObject","inLanguage":"en-GB","@id":"https:\/\/secure.gravatar.com\/avatar\/684552731c32c09ae5ec626a6a6f25c2fcdddc87f38adadf4bbc85c93a9a5716?s=96&d=mm&r=g","url":"https:\/\/secure.gravatar.com\/avatar\/684552731c32c09ae5ec626a6a6f25c2fcdddc87f38adadf4bbc85c93a9a5716?s=96&d=mm&r=g","contentUrl":"https:\/\/secure.gravatar.com\/avatar\/684552731c32c09ae5ec626a6a6f25c2fcdddc87f38adadf4bbc85c93a9a5716?s=96&d=mm&r=g","caption":"Florian FRISON"},"sameAs":["https:\/\/florianfrison.com"],"url":"https:\/\/florianfrison.com\/en\/author\/flotographie\/"}]}},"_links":{"self":[{"href":"https:\/\/florianfrison.com\/en\/wp-json\/wp\/v2\/posts\/930","targetHints":{"allow":["GET"]}}],"collection":[{"href":"https:\/\/florianfrison.com\/en\/wp-json\/wp\/v2\/posts"}],"about":[{"href":"https:\/\/florianfrison.com\/en\/wp-json\/wp\/v2\/types\/post"}],"author":[{"embeddable":true,"href":"https:\/\/florianfrison.com\/en\/wp-json\/wp\/v2\/users\/1"}],"replies":[{"embeddable":true,"href":"https:\/\/florianfrison.com\/en\/wp-json\/wp\/v2\/comments?post=930"}],"version-history":[{"count":15,"href":"https:\/\/florianfrison.com\/en\/wp-json\/wp\/v2\/posts\/930\/revisions"}],"predecessor-version":[{"id":1065,"href":"https:\/\/florianfrison.com\/en\/wp-json\/wp\/v2\/posts\/930\/revisions\/1065"}],"wp:featuredmedia":[{"embeddable":true,"href":"https:\/\/florianfrison.com\/en\/wp-json\/wp\/v2\/media\/451"}],"wp:attachment":[{"href":"https:\/\/florianfrison.com\/en\/wp-json\/wp\/v2\/media?parent=930"}],"wp:term":[{"taxonomy":"category","embeddable":true,"href":"https:\/\/florianfrison.com\/en\/wp-json\/wp\/v2\/categories?post=930"},{"taxonomy":"post_tag","embeddable":true,"href":"https:\/\/florianfrison.com\/en\/wp-json\/wp\/v2\/tags?post=930"}],"curies":[{"name":"wp","href":"https:\/\/api.w.org\/{rel}","templated":true}]}}