{"id":1158,"date":"2026-04-15T18:30:00","date_gmt":"2026-04-15T16:30:00","guid":{"rendered":"https:\/\/florianfrison.com\/?p=1158"},"modified":"2026-04-15T18:38:24","modified_gmt":"2026-04-15T16:38:24","slug":"photographe-mariage-savoie-lunion-de-sirada-et-damien","status":"publish","type":"post","link":"https:\/\/florianfrison.com\/en\/2026\/04\/15\/photographe-mariage-savoie-lunion-de-sirada-et-damien\/","title":{"rendered":"Wedding Photographer in Savoie: The Wedding of Sirada and Damien"},"content":{"rendered":"<p>[et_pb_section fb_built=\u00a0\u00bb1&Prime; _builder_version=\u00a0\u00bb4.27.5&Prime; _module_preset=\u00a0\u00bbdefault\u00a0\u00bb global_colors_info=\u00a0\u00bb{}\u00a0\u00bb theme_builder_area=\u00a0\u00bbpost_content\u00a0\u00bb][et_pb_row _builder_version=\u00a0\u00bb4.27.5&Prime; _module_preset=\u00a0\u00bbdefault\u00a0\u00bb global_colors_info=\u00a0\u00bb{}\u00a0\u00bb theme_builder_area=\u00a0\u00bbpost_content\u00a0\u00bb][et_pb_column type=\u00a0\u00bb4_4&Prime; _builder_version=\u00a0\u00bb4.27.5&Prime; _module_preset=\u00a0\u00bbdefault\u00a0\u00bb global_colors_info=\u00a0\u00bb{}\u00a0\u00bb theme_builder_area=\u00a0\u00bbpost_content\u00a0\u00bb][et_pb_text _builder_version=\u00a0\u00bb4.27.6&Prime; _module_preset=\u00a0\u00bbdefault\u00a0\u00bb custom_margin=\u00a0\u00bb||18px|||\u00a0\u00bb global_colors_info=\u00a0\u00bb{}\u00a0\u00bb theme_builder_area=\u00a0\u00bbpost_content\u00a0\u00bb]<\/p>\n<p><em>Temps de travail sur ce reportage : 23h<\/em><\/p>\n<p>[\/et_pb_text][et_pb_text _builder_version=\u00a0\u00bb4.27.6&Prime; _module_preset=\u00a0\u00bbdefault\u00a0\u00bb hover_enabled=\u00a0\u00bb0&Prime; global_colors_info=\u00a0\u00bb{}\u00a0\u00bb theme_builder_area=\u00a0\u00bbpost_content\u00a0\u00bb sticky_enabled=\u00a0\u00bb0&Prime;]<\/p>\n<h2 data-path-to-node=\"7\">La magie des premiers instants<\/h2>\n<p data-path-to-node=\"8\">Il y a des journ\u00e9es qui d\u00e9gagent une \u00e9nergie particuli\u00e8re d\u00e8s les premi\u00e8res minutes. Samedi dernier, j&rsquo;ai eu l&rsquo;immense privil\u00e8ge d&rsquo;accompagner Sirada et Damien pour leur grand jour. En tant que <b data-path-to-node=\"7\" data-index-in-node=\"194\">photographe de mariage en Savoie<\/b>, c&rsquo;est mon r\u00f4le de capter cette magie. La journ\u00e9e a magnifiquement commenc\u00e9 \u00e0 la <b data-path-to-node=\"7\" data-index-in-node=\"308\">mairie de Saint-Jeoire-Prieur\u00e9<\/b>, entre \u00e9clats de rire et larmes de joie.<\/p>\n<p>[\/et_pb_text][\/et_pb_column][\/et_pb_row][et_pb_row column_structure=\u00a0\u00bb1_2,1_2&Prime; use_custom_gutter=\u00a0\u00bbon\u00a0\u00bb gutter_width=\u00a0\u00bb2&Prime; _builder_version=\u00a0\u00bb4.27.5&Prime; _module_preset=\u00a0\u00bbdefault\u00a0\u00bb width=\u00a0\u00bb90%\u00a0\u00bb global_colors_info=\u00a0\u00bb{}\u00a0\u00bb theme_builder_area=\u00a0\u00bbpost_content\u00a0\u00bb][et_pb_column type=\u00a0\u00bb1_2&Prime; _builder_version=\u00a0\u00bb4.27.5&Prime; _module_preset=\u00a0\u00bbdefault\u00a0\u00bb global_colors_info=\u00a0\u00bb{}\u00a0\u00bb theme_builder_area=\u00a0\u00bbpost_content\u00a0\u00bb][et_pb_image src=\u00a0\u00bbhttps:\/\/florianfrison.com\/wp-content\/uploads\/2026\/04\/MariageSiradaDamienFlorianFrison26-4306.avif\u00a0\u00bb alt=\u00a0\u00bbReportage de Mariage \u00e0 Saint-Jeoire-Prieur\u00e9 et Jacob-Bellecombette\u00a0\u00bb title_text=\u00a0\u00bbMariageSirada&#038;DamienFlorianFrison26-4306&Prime; _builder_version=\u00a0\u00bb4.27.6&Prime; _module_preset=\u00a0\u00bbdefault\u00a0\u00bb border_radii=\u00a0\u00bbon|5px|5px|5px|5px\u00a0\u00bb global_colors_info=\u00a0\u00bb{}\u00a0\u00bb theme_builder_area=\u00a0\u00bbpost_content\u00a0\u00bb][\/et_pb_image][\/et_pb_column][et_pb_column type=\u00a0\u00bb1_2&Prime; _builder_version=\u00a0\u00bb4.27.5&Prime; _module_preset=\u00a0\u00bbdefault\u00a0\u00bb global_colors_info=\u00a0\u00bb{}\u00a0\u00bb theme_builder_area=\u00a0\u00bbpost_content\u00a0\u00bb][et_pb_image src=\u00a0\u00bbhttps:\/\/florianfrison.com\/wp-content\/uploads\/2026\/04\/MariageSiradaDamienFlorianFrison26-4389.avif\u00a0\u00bb alt=\u00a0\u00bbReportage de Mariage \u00e0 Saint-Jeoire-Prieur\u00e9 et Jacob-Bellecombette\u00a0\u00bb title_text=\u00a0\u00bbMariageSirada&#038;DamienFlorianFrison26-4389&Prime; _builder_version=\u00a0\u00bb4.27.6&Prime; _module_preset=\u00a0\u00bbdefault\u00a0\u00bb border_radii=\u00a0\u00bbon|5px|5px|5px|5px\u00a0\u00bb global_colors_info=\u00a0\u00bb{}\u00a0\u00bb theme_builder_area=\u00a0\u00bbpost_content\u00a0\u00bb][\/et_pb_image][\/et_pb_column][\/et_pb_row][et_pb_row _builder_version=\u00a0\u00bb4.27.5&Prime; _module_preset=\u00a0\u00bbdefault\u00a0\u00bb global_colors_info=\u00a0\u00bb{}\u00a0\u00bb theme_builder_area=\u00a0\u00bbpost_content\u00a0\u00bb][et_pb_column type=\u00a0\u00bb4_4&Prime; _builder_version=\u00a0\u00bb4.27.5&Prime; _module_preset=\u00a0\u00bbdefault\u00a0\u00bb global_colors_info=\u00a0\u00bb{}\u00a0\u00bb theme_builder_area=\u00a0\u00bbpost_content\u00a0\u00bb][et_pb_text _builder_version=\u00a0\u00bb4.27.6&Prime; _module_preset=\u00a0\u00bbdefault\u00a0\u00bb global_colors_info=\u00a0\u00bb{}\u00a0\u00bb theme_builder_area=\u00a0\u00bbpost_content\u00a0\u00bb]<\/p>\n<h2 data-path-to-node=\"8\">Des portraits grandioses face au massif des Belledonne<\/h2>\n<p data-path-to-node=\"9\">Pour leurs photos de couple, nous nous sommes isol\u00e9s dans un champ offrant une <b data-path-to-node=\"9\" data-index-in-node=\"79\">vue superbe sur le massif des Belledonne<\/b> encore enneig\u00e9. Face \u00e0 l&rsquo;immensit\u00e9 de ce paysage alpin, mon but \u00e9tait de sublimer les mari\u00e9s. En alternant la douceur de la lumi\u00e8re naturelle et un \u00e9clairage professionnel en ext\u00e9rieur, j&rsquo;ai pu cr\u00e9er des portraits \u00e9clatants, dignes d&rsquo;un magazine. C&rsquo;est cette attention \u00e0 la lumi\u00e8re qui donne une dimension cin\u00e9matographique et intemporelle \u00e0 votre <b data-path-to-node=\"9\" data-index-in-node=\"468\">reportage photo<\/b>.<\/p>\n<p>[\/et_pb_text][\/et_pb_column][\/et_pb_row][et_pb_row column_structure=\u00a0\u00bb1_2,1_2&Prime; use_custom_gutter=\u00a0\u00bbon\u00a0\u00bb gutter_width=\u00a0\u00bb2&Prime; _builder_version=\u00a0\u00bb4.27.5&Prime; _module_preset=\u00a0\u00bbdefault\u00a0\u00bb width=\u00a0\u00bb90%\u00a0\u00bb global_colors_info=\u00a0\u00bb{}\u00a0\u00bb theme_builder_area=\u00a0\u00bbpost_content\u00a0\u00bb][et_pb_column type=\u00a0\u00bb1_2&Prime; _builder_version=\u00a0\u00bb4.27.5&Prime; _module_preset=\u00a0\u00bbdefault\u00a0\u00bb global_colors_info=\u00a0\u00bb{}\u00a0\u00bb theme_builder_area=\u00a0\u00bbpost_content\u00a0\u00bb][et_pb_image src=\u00a0\u00bbhttps:\/\/florianfrison.com\/wp-content\/uploads\/2026\/04\/MariageSiradaDamienFlorianFrison26-2071.avif\u00a0\u00bb alt=\u00a0\u00bbReportage de Mariage \u00e0 Saint-Jeoire-Prieur\u00e9 et Jacob-Bellecombette\u00a0\u00bb title_text=\u00a0\u00bbMariageSirada&#038;DamienFlorianFrison26-2071&Prime; _builder_version=\u00a0\u00bb4.27.6&Prime; _module_preset=\u00a0\u00bbdefault\u00a0\u00bb border_radii=\u00a0\u00bbon|5px|5px|5px|5px\u00a0\u00bb global_colors_info=\u00a0\u00bb{}\u00a0\u00bb theme_builder_area=\u00a0\u00bbpost_content\u00a0\u00bb][\/et_pb_image][\/et_pb_column][et_pb_column type=\u00a0\u00bb1_2&Prime; _builder_version=\u00a0\u00bb4.27.5&Prime; _module_preset=\u00a0\u00bbdefault\u00a0\u00bb global_colors_info=\u00a0\u00bb{}\u00a0\u00bb theme_builder_area=\u00a0\u00bbpost_content\u00a0\u00bb][et_pb_image src=\u00a0\u00bbhttps:\/\/florianfrison.com\/wp-content\/uploads\/2026\/04\/MariageSiradaDamienFlorianFrison26-4416.avif\u00a0\u00bb alt=\u00a0\u00bbReportage de Mariage \u00e0 Saint-Jeoire-Prieur\u00e9 et Jacob-Bellecombette\u00a0\u00bb title_text=\u00a0\u00bbMariageSirada&#038;DamienFlorianFrison26-4416&Prime; _builder_version=\u00a0\u00bb4.27.6&Prime; _module_preset=\u00a0\u00bbdefault\u00a0\u00bb border_radii=\u00a0\u00bbon|5px|5px|5px|5px\u00a0\u00bb global_colors_info=\u00a0\u00bb{}\u00a0\u00bb theme_builder_area=\u00a0\u00bbpost_content\u00a0\u00bb][\/et_pb_image][\/et_pb_column][\/et_pb_row][et_pb_row _builder_version=\u00a0\u00bb4.27.5&Prime; _module_preset=\u00a0\u00bbdefault\u00a0\u00bb global_colors_info=\u00a0\u00bb{}\u00a0\u00bb theme_builder_area=\u00a0\u00bbpost_content\u00a0\u00bb][et_pb_column type=\u00a0\u00bb4_4&Prime; _builder_version=\u00a0\u00bb4.27.5&Prime; _module_preset=\u00a0\u00bbdefault\u00a0\u00bb global_colors_info=\u00a0\u00bb{}\u00a0\u00bb theme_builder_area=\u00a0\u00bbpost_content\u00a0\u00bb][et_pb_text _builder_version=\u00a0\u00bb4.27.6&Prime; _module_preset=\u00a0\u00bbdefault\u00a0\u00bb global_colors_info=\u00a0\u00bb{}\u00a0\u00bb theme_builder_area=\u00a0\u00bbpost_content\u00a0\u00bb]<\/p>\n<h2 data-path-to-node=\"10\">Un cocktail d&rsquo;\u00e9l\u00e9gance dans une r\u00e9sidence priv\u00e9e<\/h2>\n<p data-path-to-node=\"11\">Le cocktail s&rsquo;est ensuite tenu, toujours \u00e0 <b data-path-to-node=\"11\" data-index-in-node=\"43\">Saint-Jeoire-Prieur\u00e9<\/b>, dans le cadre privil\u00e9gi\u00e9 d&rsquo;une tr\u00e8s jolie r\u00e9sidence. Les invit\u00e9s ont pu profiter d&rsquo;un <b data-path-to-node=\"11\" data-index-in-node=\"151\">magnifique terrain arbor\u00e9<\/b>, offrant une atmosph\u00e8re de d\u00e9tente et de convivialit\u00e9 absolue. C&rsquo;est \u00e0 ce moment pr\u00e9cis que la famille de la mari\u00e9e a rev\u00eatu de <b data-path-to-node=\"11\" data-index-in-node=\"305\">superbes tenues traditionnelles tha\u00eflandaises<\/b>, apportant une touche d&rsquo;\u00e9l\u00e9gance et des couleurs \u00e9clatantes \u00e0 l&rsquo;\u00e9v\u00e9nement.<\/p>\n<p>[\/et_pb_text][\/et_pb_column][\/et_pb_row][et_pb_row column_structure=\u00a0\u00bb1_2,1_2&Prime; use_custom_gutter=\u00a0\u00bbon\u00a0\u00bb gutter_width=\u00a0\u00bb2&Prime; _builder_version=\u00a0\u00bb4.27.5&Prime; _module_preset=\u00a0\u00bbdefault\u00a0\u00bb width=\u00a0\u00bb90%\u00a0\u00bb border_radii=\u00a0\u00bbon|5px|5px|5px|5px\u00a0\u00bb global_colors_info=\u00a0\u00bb{}\u00a0\u00bb theme_builder_area=\u00a0\u00bbpost_content\u00a0\u00bb][et_pb_column type=\u00a0\u00bb1_2&Prime; _builder_version=\u00a0\u00bb4.27.5&Prime; _module_preset=\u00a0\u00bbdefault\u00a0\u00bb global_colors_info=\u00a0\u00bb{}\u00a0\u00bb theme_builder_area=\u00a0\u00bbpost_content\u00a0\u00bb][et_pb_image src=\u00a0\u00bbhttps:\/\/florianfrison.com\/wp-content\/uploads\/2026\/04\/MariageSiradaDamienFlorianFrison26-4710.avif\u00a0\u00bb alt=\u00a0\u00bbReportage de Mariage \u00e0 Saint-Jeoire-Prieur\u00e9 et Jacob-Bellecombette\u00a0\u00bb title_text=\u00a0\u00bbMariageSirada&#038;DamienFlorianFrison26-4710&Prime; _builder_version=\u00a0\u00bb4.27.6&Prime; _module_preset=\u00a0\u00bbdefault\u00a0\u00bb border_radii=\u00a0\u00bbon|5px|5px|5px|5px\u00a0\u00bb global_colors_info=\u00a0\u00bb{}\u00a0\u00bb theme_builder_area=\u00a0\u00bbpost_content\u00a0\u00bb][\/et_pb_image][\/et_pb_column][et_pb_column type=\u00a0\u00bb1_2&Prime; _builder_version=\u00a0\u00bb4.27.5&Prime; _module_preset=\u00a0\u00bbdefault\u00a0\u00bb global_colors_info=\u00a0\u00bb{}\u00a0\u00bb theme_builder_area=\u00a0\u00bbpost_content\u00a0\u00bb][et_pb_image src=\u00a0\u00bbhttps:\/\/florianfrison.com\/wp-content\/uploads\/2026\/04\/MariageSiradaDamienFlorianFrison26-4566.avif\u00a0\u00bb alt=\u00a0\u00bbReportage de Mariage \u00e0 Saint-Jeoire-Prieur\u00e9 et Jacob-Bellecombette\u00a0\u00bb title_text=\u00a0\u00bbMariageSirada&#038;DamienFlorianFrison26-4566&Prime; _builder_version=\u00a0\u00bb4.27.6&Prime; _module_preset=\u00a0\u00bbdefault\u00a0\u00bb border_radii=\u00a0\u00bbon|5px|5px|5px|5px\u00a0\u00bb global_colors_info=\u00a0\u00bb{}\u00a0\u00bb theme_builder_area=\u00a0\u00bbpost_content\u00a0\u00bb][\/et_pb_image][\/et_pb_column][\/et_pb_row][et_pb_row _builder_version=\u00a0\u00bb4.27.5&Prime; _module_preset=\u00a0\u00bbdefault\u00a0\u00bb global_colors_info=\u00a0\u00bb{}\u00a0\u00bb theme_builder_area=\u00a0\u00bbpost_content\u00a0\u00bb][et_pb_column type=\u00a0\u00bb4_4&Prime; _builder_version=\u00a0\u00bb4.27.5&Prime; _module_preset=\u00a0\u00bbdefault\u00a0\u00bb global_colors_info=\u00a0\u00bb{}\u00a0\u00bb theme_builder_area=\u00a0\u00bbpost_content\u00a0\u00bb][et_pb_text _builder_version=\u00a0\u00bb4.27.6&Prime; _module_preset=\u00a0\u00bbdefault\u00a0\u00bb global_colors_info=\u00a0\u00bb{}\u00a0\u00bb theme_builder_area=\u00a0\u00bbpost_content\u00a0\u00bb]<\/p>\n<h2 data-path-to-node=\"12\">Une explosion de joie sur la piste de danse au Winfield<\/h2>\n<p data-path-to-node=\"13\">Apr\u00e8s l&rsquo;\u00e9motion des c\u00e9r\u00e9monies et la douceur du cocktail, la soir\u00e9e s&rsquo;est poursuivie dans une ambiance absolument incroyable au <a href=\"https:\/\/le-wins-field.eatbu.com\/?lang=fr\" target=\"_blank\" rel=\"noopener\"><b data-path-to-node=\"13\" data-index-in-node=\"128\">Winfield<\/b><\/a>, \u00e0 <b data-path-to-node=\"13\" data-index-in-node=\"140\">Jacob-Bellecombette<\/b>. Les mari\u00e9s et leurs invit\u00e9s ont enflamm\u00e9 la piste de danse ! C&rsquo;\u00e9tait un vrai bonheur de documenter cette explosion de joie et de terminer la journ\u00e9e entour\u00e9 d&rsquo;autant de bonne humeur.<\/p>\n<hr data-path-to-node=\"14\" \/>\n<p data-path-to-node=\"15\"><b data-path-to-node=\"15\" data-index-in-node=\"0\">Vous pr\u00e9parez votre grand jour ?<\/b> Si vous cherchez un professionnel discret et passionn\u00e9 pour votre <b data-path-to-node=\"15\" data-index-in-node=\"99\">mariage en Savoie<\/b>, discutons de votre projet. Je serais honor\u00e9 de cr\u00e9er les souvenirs de votre propre aventure.<\/p>\n<p>[\/et_pb_text][\/et_pb_column][\/et_pb_row][et_pb_row column_structure=\u00a0\u00bb1_2,1_2&Prime; use_custom_gutter=\u00a0\u00bbon\u00a0\u00bb gutter_width=\u00a0\u00bb2&Prime; _builder_version=\u00a0\u00bb4.27.5&Prime; _module_preset=\u00a0\u00bbdefault\u00a0\u00bb width=\u00a0\u00bb90%\u00a0\u00bb border_radii=\u00a0\u00bbon|5px|5px|5px|5px\u00a0\u00bb global_colors_info=\u00a0\u00bb{}\u00a0\u00bb theme_builder_area=\u00a0\u00bbpost_content\u00a0\u00bb][et_pb_column type=\u00a0\u00bb1_2&Prime; _builder_version=\u00a0\u00bb4.27.5&Prime; _module_preset=\u00a0\u00bbdefault\u00a0\u00bb global_colors_info=\u00a0\u00bb{}\u00a0\u00bb theme_builder_area=\u00a0\u00bbpost_content\u00a0\u00bb][et_pb_image src=\u00a0\u00bbhttps:\/\/florianfrison.com\/wp-content\/uploads\/2026\/04\/MariageSiradaDamienFlorianFrison26-2284.avif\u00a0\u00bb alt=\u00a0\u00bbReportage de Mariage \u00e0 Saint-Jeoire-Prieur\u00e9 et Jacob-Bellecombette\u00a0\u00bb title_text=\u00a0\u00bbMariageSirada&#038;DamienFlorianFrison26-2284&Prime; _builder_version=\u00a0\u00bb4.27.6&Prime; _module_preset=\u00a0\u00bbdefault\u00a0\u00bb border_radii=\u00a0\u00bbon|5px|5px|5px|5px\u00a0\u00bb global_colors_info=\u00a0\u00bb{}\u00a0\u00bb theme_builder_area=\u00a0\u00bbpost_content\u00a0\u00bb][\/et_pb_image][\/et_pb_column][et_pb_column type=\u00a0\u00bb1_2&Prime; _builder_version=\u00a0\u00bb4.27.5&Prime; _module_preset=\u00a0\u00bbdefault\u00a0\u00bb global_colors_info=\u00a0\u00bb{}\u00a0\u00bb theme_builder_area=\u00a0\u00bbpost_content\u00a0\u00bb][et_pb_image src=\u00a0\u00bbhttps:\/\/florianfrison.com\/wp-content\/uploads\/2026\/04\/MariageSiradaDamienFlorianFrison26-2275.avif\u00a0\u00bb alt=\u00a0\u00bbReportage de Mariage \u00e0 Saint-Jeoire-Prieur\u00e9 et Jacob-Bellecombette\u00a0\u00bb title_text=\u00a0\u00bbMariageSirada&#038;DamienFlorianFrison26-2275&Prime; _builder_version=\u00a0\u00bb4.27.6&Prime; _module_preset=\u00a0\u00bbdefault\u00a0\u00bb border_radii=\u00a0\u00bbon|5px|5px|5px|5px\u00a0\u00bb global_colors_info=\u00a0\u00bb{}\u00a0\u00bb theme_builder_area=\u00a0\u00bbpost_content\u00a0\u00bb][\/et_pb_image][\/et_pb_column][\/et_pb_row][\/et_pb_section]<\/p>\n","protected":false},"excerpt":{"rendered":"<p>Temps de travail sur ce reportage : 23hLa magie des premiers instants Il y a des journ\u00e9es qui d\u00e9gagent une \u00e9nergie particuli\u00e8re d\u00e8s les premi\u00e8res minutes. Samedi dernier, j&rsquo;ai eu l&rsquo;immense privil\u00e8ge d&rsquo;accompagner Sirada et Damien pour leur grand jour. En tant que photographe de mariage en Savoie, c&rsquo;est mon r\u00f4le de capter cette magie. [&hellip;]<\/p>\n","protected":false},"author":1,"featured_media":1195,"comment_status":"open","ping_status":"open","sticky":false,"template":"","format":"standard","meta":{"_et_pb_use_builder":"on","_et_pb_old_content":"","_et_gb_content_width":"","footnotes":""},"categories":[17,19],"tags":[],"class_list":["post-1158","post","type-post","status-publish","format-standard","has-post-thumbnail","hentry","category-mariage","category-seance-photo"],"yoast_head":"<!-- This site is optimized with the Yoast SEO plugin v27.4 - https:\/\/yoast.com\/product\/yoast-seo-wordpress\/ -->\n<title>Photographe Mariage Savoie : Sirada &amp; Damien<\/title>\n<meta name=\"description\" content=\"De Saint-Jeoire-Prieur\u00e9 \u00e0 la soir\u00e9e au Winfield \u00e0 Jacob-Bellecombette, d\u00e9couvrez le mariage de Sirada et Damien en Savoie.\" \/>\n<meta name=\"robots\" content=\"index, follow, max-snippet:-1, max-image-preview:large, max-video-preview:-1\" \/>\n<link rel=\"canonical\" href=\"https:\/\/florianfrison.com\/en\/2026\/04\/15\/photographe-mariage-savoie-lunion-de-sirada-et-damien\/\" \/>\n<meta property=\"og:locale\" content=\"en_GB\" \/>\n<meta property=\"og:type\" content=\"article\" \/>\n<meta property=\"og:title\" content=\"Photographe Mariage Savoie : Sirada &amp; Damien\" \/>\n<meta property=\"og:description\" content=\"De Saint-Jeoire-Prieur\u00e9 \u00e0 la soir\u00e9e au Winfield \u00e0 Jacob-Bellecombette, d\u00e9couvrez le mariage de Sirada et Damien en Savoie.\" \/>\n<meta property=\"og:url\" content=\"https:\/\/florianfrison.com\/en\/2026\/04\/15\/photographe-mariage-savoie-lunion-de-sirada-et-damien\/\" \/>\n<meta property=\"og:site_name\" content=\"Florian FRISON - Photography\" \/>\n<meta property=\"article:publisher\" content=\"https:\/\/www.facebook.com\/Flotographie73000\" \/>\n<meta property=\"article:published_time\" content=\"2026-04-15T16:30:00+00:00\" \/>\n<meta property=\"article:modified_time\" content=\"2026-04-15T16:38:24+00:00\" \/>\n<meta property=\"og:image\" content=\"https:\/\/florianfrison.com\/wp-content\/uploads\/2026\/04\/MariageSiradaDamienFlorianFrison26-4461.webp\" \/>\n\t<meta property=\"og:image:width\" content=\"2000\" \/>\n\t<meta property=\"og:image:height\" content=\"1333\" \/>\n\t<meta property=\"og:image:type\" content=\"image\/webp\" \/>\n<meta name=\"author\" content=\"Florian FRISON\" \/>\n<meta name=\"twitter:card\" content=\"summary_large_image\" \/>\n<meta name=\"twitter:creator\" content=\"@flotographie73\" \/>\n<meta name=\"twitter:site\" content=\"@flotographie73\" \/>\n<meta name=\"twitter:label1\" content=\"Written by\" \/>\n\t<meta name=\"twitter:data1\" content=\"Florian FRISON\" \/>\n\t<meta name=\"twitter:label2\" content=\"Estimated reading time\" \/>\n\t<meta name=\"twitter:data2\" content=\"1 minute\" \/>\n<script type=\"application\/ld+json\" class=\"yoast-schema-graph\">{\"@context\":\"https:\\\/\\\/schema.org\",\"@graph\":[{\"@type\":\"Article\",\"@id\":\"https:\\\/\\\/florianfrison.com\\\/2026\\\/04\\\/15\\\/photographe-mariage-savoie-lunion-de-sirada-et-damien\\\/#article\",\"isPartOf\":{\"@id\":\"https:\\\/\\\/florianfrison.com\\\/2026\\\/04\\\/15\\\/photographe-mariage-savoie-lunion-de-sirada-et-damien\\\/\"},\"author\":{\"name\":\"Florian FRISON\",\"@id\":\"https:\\\/\\\/florianfrison.com\\\/#\\\/schema\\\/person\\\/8617b9f43c66ca1213a6ee05b2babc48\"},\"headline\":\"Photographe Mariage Savoie : L&rsquo;union de Sirada et Damien\",\"datePublished\":\"2026-04-15T16:30:00+00:00\",\"dateModified\":\"2026-04-15T16:38:24+00:00\",\"mainEntityOfPage\":{\"@id\":\"https:\\\/\\\/florianfrison.com\\\/2026\\\/04\\\/15\\\/photographe-mariage-savoie-lunion-de-sirada-et-damien\\\/\"},\"wordCount\":1324,\"commentCount\":0,\"publisher\":{\"@id\":\"https:\\\/\\\/florianfrison.com\\\/#organization\"},\"image\":{\"@id\":\"https:\\\/\\\/florianfrison.com\\\/2026\\\/04\\\/15\\\/photographe-mariage-savoie-lunion-de-sirada-et-damien\\\/#primaryimage\"},\"thumbnailUrl\":\"https:\\\/\\\/florianfrison.com\\\/wp-content\\\/uploads\\\/2026\\\/04\\\/MariageSiradaDamienFlorianFrison26-4461.webp\",\"articleSection\":[\"Mariage\",\"S\u00e9ance photo\"],\"inLanguage\":\"en-GB\",\"potentialAction\":[{\"@type\":\"CommentAction\",\"name\":\"Comment\",\"target\":[\"https:\\\/\\\/florianfrison.com\\\/2026\\\/04\\\/15\\\/photographe-mariage-savoie-lunion-de-sirada-et-damien\\\/#respond\"]}]},{\"@type\":\"WebPage\",\"@id\":\"https:\\\/\\\/florianfrison.com\\\/2026\\\/04\\\/15\\\/photographe-mariage-savoie-lunion-de-sirada-et-damien\\\/\",\"url\":\"https:\\\/\\\/florianfrison.com\\\/2026\\\/04\\\/15\\\/photographe-mariage-savoie-lunion-de-sirada-et-damien\\\/\",\"name\":\"Photographe Mariage Savoie : Sirada & Damien\",\"isPartOf\":{\"@id\":\"https:\\\/\\\/florianfrison.com\\\/#website\"},\"primaryImageOfPage\":{\"@id\":\"https:\\\/\\\/florianfrison.com\\\/2026\\\/04\\\/15\\\/photographe-mariage-savoie-lunion-de-sirada-et-damien\\\/#primaryimage\"},\"image\":{\"@id\":\"https:\\\/\\\/florianfrison.com\\\/2026\\\/04\\\/15\\\/photographe-mariage-savoie-lunion-de-sirada-et-damien\\\/#primaryimage\"},\"thumbnailUrl\":\"https:\\\/\\\/florianfrison.com\\\/wp-content\\\/uploads\\\/2026\\\/04\\\/MariageSiradaDamienFlorianFrison26-4461.webp\",\"datePublished\":\"2026-04-15T16:30:00+00:00\",\"dateModified\":\"2026-04-15T16:38:24+00:00\",\"description\":\"De Saint-Jeoire-Prieur\u00e9 \u00e0 la soir\u00e9e au Winfield \u00e0 Jacob-Bellecombette, d\u00e9couvrez le mariage de Sirada et Damien en Savoie.\",\"breadcrumb\":{\"@id\":\"https:\\\/\\\/florianfrison.com\\\/2026\\\/04\\\/15\\\/photographe-mariage-savoie-lunion-de-sirada-et-damien\\\/#breadcrumb\"},\"inLanguage\":\"en-GB\",\"potentialAction\":[{\"@type\":\"ReadAction\",\"target\":[\"https:\\\/\\\/florianfrison.com\\\/2026\\\/04\\\/15\\\/photographe-mariage-savoie-lunion-de-sirada-et-damien\\\/\"]}]},{\"@type\":\"ImageObject\",\"inLanguage\":\"en-GB\",\"@id\":\"https:\\\/\\\/florianfrison.com\\\/2026\\\/04\\\/15\\\/photographe-mariage-savoie-lunion-de-sirada-et-damien\\\/#primaryimage\",\"url\":\"https:\\\/\\\/florianfrison.com\\\/wp-content\\\/uploads\\\/2026\\\/04\\\/MariageSiradaDamienFlorianFrison26-4461.webp\",\"contentUrl\":\"https:\\\/\\\/florianfrison.com\\\/wp-content\\\/uploads\\\/2026\\\/04\\\/MariageSiradaDamienFlorianFrison26-4461.webp\",\"width\":2000,\"height\":1333,\"caption\":\"Reportage de Mariage \u00e0 Saint-Jeoire-Prieur\u00e9 et Jacob-Bellecombette\"},{\"@type\":\"BreadcrumbList\",\"@id\":\"https:\\\/\\\/florianfrison.com\\\/2026\\\/04\\\/15\\\/photographe-mariage-savoie-lunion-de-sirada-et-damien\\\/#breadcrumb\",\"itemListElement\":[{\"@type\":\"ListItem\",\"position\":1,\"name\":\"Home\",\"item\":\"https:\\\/\\\/florianfrison.com\\\/\"},{\"@type\":\"ListItem\",\"position\":2,\"name\":\"Photographe Mariage Savoie : L&rsquo;union de Sirada et Damien\"}]},{\"@type\":\"WebSite\",\"@id\":\"https:\\\/\\\/florianfrison.com\\\/#website\",\"url\":\"https:\\\/\\\/florianfrison.com\\\/\",\"name\":\"Florian FRISON - Photography\",\"description\":\"Photographe de Mariage &amp; Lifestyle \u2013 Provence &amp; Savoie\",\"publisher\":{\"@id\":\"https:\\\/\\\/florianfrison.com\\\/#organization\"},\"alternateName\":\"Florian FRISON\",\"potentialAction\":[{\"@type\":\"SearchAction\",\"target\":{\"@type\":\"EntryPoint\",\"urlTemplate\":\"https:\\\/\\\/florianfrison.com\\\/?s={search_term_string}\"},\"query-input\":{\"@type\":\"PropertyValueSpecification\",\"valueRequired\":true,\"valueName\":\"search_term_string\"}}],\"inLanguage\":\"en-GB\"},{\"@type\":\"Organization\",\"@id\":\"https:\\\/\\\/florianfrison.com\\\/#organization\",\"name\":\"Florian FRISON - Photography\",\"alternateName\":\"Florian FRISON\",\"url\":\"https:\\\/\\\/florianfrison.com\\\/\",\"logo\":{\"@type\":\"ImageObject\",\"inLanguage\":\"en-GB\",\"@id\":\"https:\\\/\\\/florianfrison.com\\\/#\\\/schema\\\/logo\\\/image\\\/\",\"url\":\"https:\\\/\\\/florianfrison.com\\\/wp-content\\\/uploads\\\/2025\\\/11\\\/LogoNoircompresse.png\",\"contentUrl\":\"https:\\\/\\\/florianfrison.com\\\/wp-content\\\/uploads\\\/2025\\\/11\\\/LogoNoircompresse.png\",\"width\":500,\"height\":389,\"caption\":\"Florian FRISON - Photography\"},\"image\":{\"@id\":\"https:\\\/\\\/florianfrison.com\\\/#\\\/schema\\\/logo\\\/image\\\/\"},\"sameAs\":[\"https:\\\/\\\/www.facebook.com\\\/Flotographie73000\",\"https:\\\/\\\/x.com\\\/flotographie73\",\"https:\\\/\\\/www.instagram.com\\\/florianfrisonphoto\\\/\",\"https:\\\/\\\/www.linkedin.com\\\/company\\\/69712919\"]},{\"@type\":\"Person\",\"@id\":\"https:\\\/\\\/florianfrison.com\\\/#\\\/schema\\\/person\\\/8617b9f43c66ca1213a6ee05b2babc48\",\"name\":\"Florian FRISON\",\"image\":{\"@type\":\"ImageObject\",\"inLanguage\":\"en-GB\",\"@id\":\"https:\\\/\\\/secure.gravatar.com\\\/avatar\\\/684552731c32c09ae5ec626a6a6f25c2fcdddc87f38adadf4bbc85c93a9a5716?s=96&d=mm&r=g\",\"url\":\"https:\\\/\\\/secure.gravatar.com\\\/avatar\\\/684552731c32c09ae5ec626a6a6f25c2fcdddc87f38adadf4bbc85c93a9a5716?s=96&d=mm&r=g\",\"contentUrl\":\"https:\\\/\\\/secure.gravatar.com\\\/avatar\\\/684552731c32c09ae5ec626a6a6f25c2fcdddc87f38adadf4bbc85c93a9a5716?s=96&d=mm&r=g\",\"caption\":\"Florian FRISON\"},\"sameAs\":[\"https:\\\/\\\/florianfrison.com\"],\"url\":\"https:\\\/\\\/florianfrison.com\\\/en\\\/author\\\/flotographie\\\/\"}]}<\/script>\n<!-- \/ Yoast SEO plugin. -->","yoast_head_json":{"title":"Photographe Mariage Savoie : Sirada & Damien","description":"De Saint-Jeoire-Prieur\u00e9 \u00e0 la soir\u00e9e au Winfield \u00e0 Jacob-Bellecombette, d\u00e9couvrez le mariage de Sirada et Damien en Savoie.","robots":{"index":"index","follow":"follow","max-snippet":"max-snippet:-1","max-image-preview":"max-image-preview:large","max-video-preview":"max-video-preview:-1"},"canonical":"https:\/\/florianfrison.com\/en\/2026\/04\/15\/photographe-mariage-savoie-lunion-de-sirada-et-damien\/","og_locale":"en_GB","og_type":"article","og_title":"Photographe Mariage Savoie : Sirada & Damien","og_description":"De Saint-Jeoire-Prieur\u00e9 \u00e0 la soir\u00e9e au Winfield \u00e0 Jacob-Bellecombette, d\u00e9couvrez le mariage de Sirada et Damien en Savoie.","og_url":"https:\/\/florianfrison.com\/en\/2026\/04\/15\/photographe-mariage-savoie-lunion-de-sirada-et-damien\/","og_site_name":"Florian FRISON - Photography","article_publisher":"https:\/\/www.facebook.com\/Flotographie73000","article_published_time":"2026-04-15T16:30:00+00:00","article_modified_time":"2026-04-15T16:38:24+00:00","og_image":[{"width":2000,"height":1333,"url":"https:\/\/florianfrison.com\/wp-content\/uploads\/2026\/04\/MariageSiradaDamienFlorianFrison26-4461.webp","type":"image\/webp"}],"author":"Florian FRISON","twitter_card":"summary_large_image","twitter_creator":"@flotographie73","twitter_site":"@flotographie73","twitter_misc":{"Written by":"Florian FRISON","Estimated reading time":"1 minute"},"schema":{"@context":"https:\/\/schema.org","@graph":[{"@type":"Article","@id":"https:\/\/florianfrison.com\/2026\/04\/15\/photographe-mariage-savoie-lunion-de-sirada-et-damien\/#article","isPartOf":{"@id":"https:\/\/florianfrison.com\/2026\/04\/15\/photographe-mariage-savoie-lunion-de-sirada-et-damien\/"},"author":{"name":"Florian FRISON","@id":"https:\/\/florianfrison.com\/#\/schema\/person\/8617b9f43c66ca1213a6ee05b2babc48"},"headline":"Photographe Mariage Savoie : L&rsquo;union de Sirada et Damien","datePublished":"2026-04-15T16:30:00+00:00","dateModified":"2026-04-15T16:38:24+00:00","mainEntityOfPage":{"@id":"https:\/\/florianfrison.com\/2026\/04\/15\/photographe-mariage-savoie-lunion-de-sirada-et-damien\/"},"wordCount":1324,"commentCount":0,"publisher":{"@id":"https:\/\/florianfrison.com\/#organization"},"image":{"@id":"https:\/\/florianfrison.com\/2026\/04\/15\/photographe-mariage-savoie-lunion-de-sirada-et-damien\/#primaryimage"},"thumbnailUrl":"https:\/\/florianfrison.com\/wp-content\/uploads\/2026\/04\/MariageSiradaDamienFlorianFrison26-4461.webp","articleSection":["Mariage","S\u00e9ance photo"],"inLanguage":"en-GB","potentialAction":[{"@type":"CommentAction","name":"Comment","target":["https:\/\/florianfrison.com\/2026\/04\/15\/photographe-mariage-savoie-lunion-de-sirada-et-damien\/#respond"]}]},{"@type":"WebPage","@id":"https:\/\/florianfrison.com\/2026\/04\/15\/photographe-mariage-savoie-lunion-de-sirada-et-damien\/","url":"https:\/\/florianfrison.com\/2026\/04\/15\/photographe-mariage-savoie-lunion-de-sirada-et-damien\/","name":"Photographe Mariage Savoie : Sirada & Damien","isPartOf":{"@id":"https:\/\/florianfrison.com\/#website"},"primaryImageOfPage":{"@id":"https:\/\/florianfrison.com\/2026\/04\/15\/photographe-mariage-savoie-lunion-de-sirada-et-damien\/#primaryimage"},"image":{"@id":"https:\/\/florianfrison.com\/2026\/04\/15\/photographe-mariage-savoie-lunion-de-sirada-et-damien\/#primaryimage"},"thumbnailUrl":"https:\/\/florianfrison.com\/wp-content\/uploads\/2026\/04\/MariageSiradaDamienFlorianFrison26-4461.webp","datePublished":"2026-04-15T16:30:00+00:00","dateModified":"2026-04-15T16:38:24+00:00","description":"De Saint-Jeoire-Prieur\u00e9 \u00e0 la soir\u00e9e au Winfield \u00e0 Jacob-Bellecombette, d\u00e9couvrez le mariage de Sirada et Damien en Savoie.","breadcrumb":{"@id":"https:\/\/florianfrison.com\/2026\/04\/15\/photographe-mariage-savoie-lunion-de-sirada-et-damien\/#breadcrumb"},"inLanguage":"en-GB","potentialAction":[{"@type":"ReadAction","target":["https:\/\/florianfrison.com\/2026\/04\/15\/photographe-mariage-savoie-lunion-de-sirada-et-damien\/"]}]},{"@type":"ImageObject","inLanguage":"en-GB","@id":"https:\/\/florianfrison.com\/2026\/04\/15\/photographe-mariage-savoie-lunion-de-sirada-et-damien\/#primaryimage","url":"https:\/\/florianfrison.com\/wp-content\/uploads\/2026\/04\/MariageSiradaDamienFlorianFrison26-4461.webp","contentUrl":"https:\/\/florianfrison.com\/wp-content\/uploads\/2026\/04\/MariageSiradaDamienFlorianFrison26-4461.webp","width":2000,"height":1333,"caption":"Reportage de Mariage \u00e0 Saint-Jeoire-Prieur\u00e9 et Jacob-Bellecombette"},{"@type":"BreadcrumbList","@id":"https:\/\/florianfrison.com\/2026\/04\/15\/photographe-mariage-savoie-lunion-de-sirada-et-damien\/#breadcrumb","itemListElement":[{"@type":"ListItem","position":1,"name":"Home","item":"https:\/\/florianfrison.com\/"},{"@type":"ListItem","position":2,"name":"Photographe Mariage Savoie : L&rsquo;union de Sirada et Damien"}]},{"@type":"WebSite","@id":"https:\/\/florianfrison.com\/#website","url":"https:\/\/florianfrison.com\/","name":"Florian FRISON - Photography","description":"Wedding &amp; Lifestyle Photographer \u2013 Provence &amp; French Alps","publisher":{"@id":"https:\/\/florianfrison.com\/#organization"},"alternateName":"Florian FRISON","potentialAction":[{"@type":"SearchAction","target":{"@type":"EntryPoint","urlTemplate":"https:\/\/florianfrison.com\/?s={search_term_string}"},"query-input":{"@type":"PropertyValueSpecification","valueRequired":true,"valueName":"search_term_string"}}],"inLanguage":"en-GB"},{"@type":"Organization","@id":"https:\/\/florianfrison.com\/#organization","name":"Florian FRISON - Photography","alternateName":"Florian FRISON","url":"https:\/\/florianfrison.com\/","logo":{"@type":"ImageObject","inLanguage":"en-GB","@id":"https:\/\/florianfrison.com\/#\/schema\/logo\/image\/","url":"https:\/\/florianfrison.com\/wp-content\/uploads\/2025\/11\/LogoNoircompresse.png","contentUrl":"https:\/\/florianfrison.com\/wp-content\/uploads\/2025\/11\/LogoNoircompresse.png","width":500,"height":389,"caption":"Florian FRISON - Photography"},"image":{"@id":"https:\/\/florianfrison.com\/#\/schema\/logo\/image\/"},"sameAs":["https:\/\/www.facebook.com\/Flotographie73000","https:\/\/x.com\/flotographie73","https:\/\/www.instagram.com\/florianfrisonphoto\/","https:\/\/www.linkedin.com\/company\/69712919"]},{"@type":"Person","@id":"https:\/\/florianfrison.com\/#\/schema\/person\/8617b9f43c66ca1213a6ee05b2babc48","name":"Florian FRISON","image":{"@type":"ImageObject","inLanguage":"en-GB","@id":"https:\/\/secure.gravatar.com\/avatar\/684552731c32c09ae5ec626a6a6f25c2fcdddc87f38adadf4bbc85c93a9a5716?s=96&d=mm&r=g","url":"https:\/\/secure.gravatar.com\/avatar\/684552731c32c09ae5ec626a6a6f25c2fcdddc87f38adadf4bbc85c93a9a5716?s=96&d=mm&r=g","contentUrl":"https:\/\/secure.gravatar.com\/avatar\/684552731c32c09ae5ec626a6a6f25c2fcdddc87f38adadf4bbc85c93a9a5716?s=96&d=mm&r=g","caption":"Florian FRISON"},"sameAs":["https:\/\/florianfrison.com"],"url":"https:\/\/florianfrison.com\/en\/author\/flotographie\/"}]}},"_links":{"self":[{"href":"https:\/\/florianfrison.com\/en\/wp-json\/wp\/v2\/posts\/1158","targetHints":{"allow":["GET"]}}],"collection":[{"href":"https:\/\/florianfrison.com\/en\/wp-json\/wp\/v2\/posts"}],"about":[{"href":"https:\/\/florianfrison.com\/en\/wp-json\/wp\/v2\/types\/post"}],"author":[{"embeddable":true,"href":"https:\/\/florianfrison.com\/en\/wp-json\/wp\/v2\/users\/1"}],"replies":[{"embeddable":true,"href":"https:\/\/florianfrison.com\/en\/wp-json\/wp\/v2\/comments?post=1158"}],"version-history":[{"count":6,"href":"https:\/\/florianfrison.com\/en\/wp-json\/wp\/v2\/posts\/1158\/revisions"}],"predecessor-version":[{"id":1223,"href":"https:\/\/florianfrison.com\/en\/wp-json\/wp\/v2\/posts\/1158\/revisions\/1223"}],"wp:featuredmedia":[{"embeddable":true,"href":"https:\/\/florianfrison.com\/en\/wp-json\/wp\/v2\/media\/1195"}],"wp:attachment":[{"href":"https:\/\/florianfrison.com\/en\/wp-json\/wp\/v2\/media?parent=1158"}],"wp:term":[{"taxonomy":"category","embeddable":true,"href":"https:\/\/florianfrison.com\/en\/wp-json\/wp\/v2\/categories?post=1158"},{"taxonomy":"post_tag","embeddable":true,"href":"https:\/\/florianfrison.com\/en\/wp-json\/wp\/v2\/tags?post=1158"}],"curies":[{"name":"wp","href":"https:\/\/api.w.org\/{rel}","templated":true}]}}