{"id":1124,"date":"2026-04-11T11:43:22","date_gmt":"2026-04-11T09:43:22","guid":{"rendered":"https:\/\/florianfrison.com\/?p=1124"},"modified":"2026-04-11T11:52:53","modified_gmt":"2026-04-11T09:52:53","slug":"seance-grossesse-a-la-sainte-victoire-quand-un-helicoptere-sinvite-sur-le-set","status":"publish","type":"post","link":"https:\/\/florianfrison.com\/en\/2026\/04\/11\/seance-grossesse-a-la-sainte-victoire-quand-un-helicoptere-sinvite-sur-le-set\/","title":{"rendered":"Maternity Session at Sainte-Victoire: When a Helicopter Crashes the Set!"},"content":{"rendered":"<p>[et_pb_section fb_built=\u00a0\u00bb1&Prime; _builder_version=\u00a0\u00bb4.27.5&Prime; _module_preset=\u00a0\u00bbdefault\u00a0\u00bb global_colors_info=\u00a0\u00bb{}\u00a0\u00bb theme_builder_area=\u00a0\u00bbpost_content\u00a0\u00bb][et_pb_row _builder_version=\u00a0\u00bb4.27.5&Prime; _module_preset=\u00a0\u00bbdefault\u00a0\u00bb global_colors_info=\u00a0\u00bb{}\u00a0\u00bb theme_builder_area=\u00a0\u00bbpost_content\u00a0\u00bb][et_pb_column type=\u00a0\u00bb4_4&Prime; _builder_version=\u00a0\u00bb4.27.5&Prime; _module_preset=\u00a0\u00bbdefault\u00a0\u00bb global_colors_info=\u00a0\u00bb{}\u00a0\u00bb theme_builder_area=\u00a0\u00bbpost_content\u00a0\u00bb][et_pb_text _builder_version=\u00a0\u00bb4.27.6&Prime; _module_preset=\u00a0\u00bbdefault\u00a0\u00bb global_colors_info=\u00a0\u00bb{}\u00a0\u00bb theme_builder_area=\u00a0\u00bbpost_content\u00a0\u00bb]<\/p>\n<p><em>Temps de travail sur ce reportage : 12h<\/em><\/p>\n<p>[\/et_pb_text][et_pb_text _builder_version=\u00a0\u00bb4.27.6&Prime; _module_preset=\u00a0\u00bbdefault\u00a0\u00bb hover_enabled=\u00a0\u00bb0&Prime; global_colors_info=\u00a0\u00bb{}\u00a0\u00bb theme_builder_area=\u00a0\u00bbpost_content\u00a0\u00bb sticky_enabled=\u00a0\u00bb0&Prime;]<\/p>\n<p data-path-to-node=\"7\"><span class=\"\">Il y a des moments dans la vie d&rsquo;un <\/span><b data-path-to-node=\"7\" data-index-in-node=\"36\" class=\"\">photographe en Provence<\/b><span class=\"\"> qui rappellent le sens profond de ce m\u00e9tier.<\/span><span class=\"\"> Quel immense privil\u00e8ge de retrouver Maecha et Eliot !<\/span><\/p>\n<p data-path-to-node=\"8\"><span class=\"\">Apr\u00e8s avoir eu l&rsquo;honneur d&rsquo;immortaliser leur <\/span><b data-path-to-node=\"8\" data-index-in-node=\"45\" class=\"\">magnifique mariage en 2025<\/b><span class=\"\">,<\/span><span class=\"\"> c&rsquo;est avec beaucoup d&rsquo;\u00e9motion que je les ai rejoints mardi en fin d&rsquo;apr\u00e8s-midi.<\/span><span class=\"\"> L&rsquo;objectif ?<\/span><span class=\"\"> Capturer la nouvelle grande \u00e9tape de leur vie :<\/span><span class=\"\"> l&rsquo;attente de leur premier enfant lors de cette <\/span><b data-path-to-node=\"8\" data-index-in-node=\"261\" class=\"\">s\u00e9ance grossesse<\/b><span class=\"\">.<\/span><span class=\"\"> C&rsquo;est l\u00e0 que r\u00e9side ma v\u00e9ritable d\u00e9marche : devenir le photographe de confiance qui documente votre <b data-path-to-node=\"8\" data-index-in-node=\"379\">patrimoine familial<\/b>, ann\u00e9e apr\u00e8s ann\u00e9e.<\/span><\/p>\n<p>[\/et_pb_text][\/et_pb_column][\/et_pb_row][et_pb_row column_structure=\u00a0\u00bb1_2,1_2&Prime; use_custom_gutter=\u00a0\u00bbon\u00a0\u00bb gutter_width=\u00a0\u00bb2&Prime; _builder_version=\u00a0\u00bb4.27.5&Prime; _module_preset=\u00a0\u00bbdefault\u00a0\u00bb width=\u00a0\u00bb90%\u00a0\u00bb global_colors_info=\u00a0\u00bb{}\u00a0\u00bb theme_builder_area=\u00a0\u00bbpost_content\u00a0\u00bb][et_pb_column type=\u00a0\u00bb1_2&Prime; _builder_version=\u00a0\u00bb4.27.5&Prime; _module_preset=\u00a0\u00bbdefault\u00a0\u00bb global_colors_info=\u00a0\u00bb{}\u00a0\u00bb theme_builder_area=\u00a0\u00bbpost_content\u00a0\u00bb][et_pb_image src=\u00a0\u00bbhttps:\/\/florianfrison.com\/wp-content\/uploads\/2026\/04\/MaechaEliotFlorianFrison26-1701.avif\u00a0\u00bb alt=\u00a0\u00bbS\u00e9ance Photo de Grossesse \u00e0 l&rsquo;arbre magique de Saint-Antonin-sur-Bayon\u00a0\u00bb title_text=\u00a0\u00bbMaecha&#038;EliotFlorianFrison26-1701&Prime; _builder_version=\u00a0\u00bb4.27.6&Prime; _module_preset=\u00a0\u00bbdefault\u00a0\u00bb border_radii=\u00a0\u00bbon|5px|5px|5px|5px\u00a0\u00bb global_colors_info=\u00a0\u00bb{}\u00a0\u00bb theme_builder_area=\u00a0\u00bbpost_content\u00a0\u00bb][\/et_pb_image][\/et_pb_column][et_pb_column type=\u00a0\u00bb1_2&Prime; _builder_version=\u00a0\u00bb4.27.5&Prime; _module_preset=\u00a0\u00bbdefault\u00a0\u00bb global_colors_info=\u00a0\u00bb{}\u00a0\u00bb theme_builder_area=\u00a0\u00bbpost_content\u00a0\u00bb][et_pb_image src=\u00a0\u00bbhttps:\/\/florianfrison.com\/wp-content\/uploads\/2026\/04\/MaechaEliotFlorianFrison26-3855.avif\u00a0\u00bb alt=\u00a0\u00bbS\u00e9ance Photo de Grossesse \u00e0 l&rsquo;arbre magique de Saint-Antonin-sur-Bayon\u00a0\u00bb title_text=\u00a0\u00bbMaecha&#038;EliotFlorianFrison26-3855&Prime; _builder_version=\u00a0\u00bb4.27.6&Prime; _module_preset=\u00a0\u00bbdefault\u00a0\u00bb border_radii=\u00a0\u00bbon|5px|5px|5px|5px\u00a0\u00bb global_colors_info=\u00a0\u00bb{}\u00a0\u00bb theme_builder_area=\u00a0\u00bbpost_content\u00a0\u00bb][\/et_pb_image][\/et_pb_column][\/et_pb_row][et_pb_row _builder_version=\u00a0\u00bb4.27.5&Prime; _module_preset=\u00a0\u00bbdefault\u00a0\u00bb global_colors_info=\u00a0\u00bb{}\u00a0\u00bb theme_builder_area=\u00a0\u00bbpost_content\u00a0\u00bb][et_pb_column type=\u00a0\u00bb4_4&Prime; _builder_version=\u00a0\u00bb4.27.5&Prime; _module_preset=\u00a0\u00bbdefault\u00a0\u00bb global_colors_info=\u00a0\u00bb{}\u00a0\u00bb theme_builder_area=\u00a0\u00bbpost_content\u00a0\u00bb][et_pb_text _builder_version=\u00a0\u00bb4.27.6&Prime; _module_preset=\u00a0\u00bbdefault\u00a0\u00bb global_colors_info=\u00a0\u00bb{}\u00a0\u00bb theme_builder_area=\u00a0\u00bbpost_content\u00a0\u00bb]<\/p>\n<h2 data-path-to-node=\"9\">Apprivoiser la lumi\u00e8re au pied de la montagne<\/h2>\n<p data-path-to-node=\"10\">Pour cette s\u00e9ance, nous avons pris la direction de la majestueuse <b data-path-to-node=\"10\" data-index-in-node=\"66\">montagne Sainte-Victoire<\/b>, pr\u00e8s du c\u00e9l\u00e8bre \u00ab\u00a0arbre magique\u00a0\u00bb de <b data-path-to-node=\"10\" data-index-in-node=\"127\">Saint-Antonin-sur-Bayon<\/b>. Un d\u00e9cor naturel d&rsquo;exception pour un moment qui l&rsquo;est tout autant.<\/p>\n<p data-path-to-node=\"11\">Nous avons d\u00e9but\u00e9 la s\u00e9ance sous une <b data-path-to-node=\"11\" data-index-in-node=\"37\">lumi\u00e8re encore tr\u00e8s forte<\/b>. Loin d&rsquo;\u00eatre id\u00e9ale, cette lumi\u00e8re dure pardonne peu et demande une vraie technique pour \u00e9viter les ombres disgracieuses. Le d\u00e9fi \u00e9tait de l&rsquo;apprivoiser pour sculpter les visages et mettre en valeur les <b data-path-to-node=\"11\" data-index-in-node=\"266\">courbes de la maternit\u00e9<\/b> avec \u00e9l\u00e9gance. Puis, \u00e0 mesure que le soleil d\u00e9clinait et s&rsquo;adoucissait, j&rsquo;ai d\u00e9ploy\u00e9 mes <b data-path-to-node=\"11\" data-index-in-node=\"379\">flashs de studio<\/b>.<\/p>\n<p data-path-to-node=\"11\">L&rsquo;id\u00e9e ? Cr\u00e9er des ambiances sophistiqu\u00e9es et contrast\u00e9es, pour un <b data-path-to-node=\"11\" data-index-in-node=\"464\">rendu r\u00e9solument artistique<\/b>.<\/p>\n<p>[\/et_pb_text][\/et_pb_column][\/et_pb_row][et_pb_row column_structure=\u00a0\u00bb1_3,1_3,1_3&Prime; use_custom_gutter=\u00a0\u00bbon\u00a0\u00bb gutter_width=\u00a0\u00bb2&Prime; _builder_version=\u00a0\u00bb4.27.5&Prime; _module_preset=\u00a0\u00bbdefault\u00a0\u00bb width=\u00a0\u00bb90%\u00a0\u00bb global_colors_info=\u00a0\u00bb{}\u00a0\u00bb theme_builder_area=\u00a0\u00bbpost_content\u00a0\u00bb][et_pb_column type=\u00a0\u00bb1_3&Prime; _builder_version=\u00a0\u00bb4.27.5&Prime; _module_preset=\u00a0\u00bbdefault\u00a0\u00bb global_colors_info=\u00a0\u00bb{}\u00a0\u00bb theme_builder_area=\u00a0\u00bbpost_content\u00a0\u00bb][et_pb_image src=\u00a0\u00bbhttps:\/\/florianfrison.com\/wp-content\/uploads\/2026\/04\/MaechaEliotFlorianFrison26-4123.avif\u00a0\u00bb alt=\u00a0\u00bbS\u00e9ance Photo de Grossesse \u00e0 l&rsquo;arbre magique de Saint-Antonin-sur-Bayon\u00a0\u00bb title_text=\u00a0\u00bbMaecha&#038;EliotFlorianFrison26-4123&Prime; _builder_version=\u00a0\u00bb4.27.6&Prime; _module_preset=\u00a0\u00bbdefault\u00a0\u00bb border_radii=\u00a0\u00bbon|5px|5px|5px|5px\u00a0\u00bb global_colors_info=\u00a0\u00bb{}\u00a0\u00bb theme_builder_area=\u00a0\u00bbpost_content\u00a0\u00bb][\/et_pb_image][\/et_pb_column][et_pb_column type=\u00a0\u00bb1_3&Prime; _builder_version=\u00a0\u00bb4.27.5&Prime; _module_preset=\u00a0\u00bbdefault\u00a0\u00bb global_colors_info=\u00a0\u00bb{}\u00a0\u00bb theme_builder_area=\u00a0\u00bbpost_content\u00a0\u00bb][et_pb_image src=\u00a0\u00bbhttps:\/\/florianfrison.com\/wp-content\/uploads\/2026\/04\/MaechaEliotFlorianFrison26-1685.avif\u00a0\u00bb alt=\u00a0\u00bbS\u00e9ance Photo de Grossesse \u00e0 l&rsquo;arbre magique de Saint-Antonin-sur-Bayon\u00a0\u00bb title_text=\u00a0\u00bbMaecha&#038;EliotFlorianFrison26-1685&Prime; _builder_version=\u00a0\u00bb4.27.6&Prime; _module_preset=\u00a0\u00bbdefault\u00a0\u00bb border_radii=\u00a0\u00bbon|5px|5px|5px|5px\u00a0\u00bb global_colors_info=\u00a0\u00bb{}\u00a0\u00bb theme_builder_area=\u00a0\u00bbpost_content\u00a0\u00bb][\/et_pb_image][\/et_pb_column][et_pb_column type=\u00a0\u00bb1_3&Prime; _builder_version=\u00a0\u00bb4.27.5&Prime; _module_preset=\u00a0\u00bbdefault\u00a0\u00bb global_colors_info=\u00a0\u00bb{}\u00a0\u00bb theme_builder_area=\u00a0\u00bbpost_content\u00a0\u00bb][et_pb_image src=\u00a0\u00bbhttps:\/\/florianfrison.com\/wp-content\/uploads\/2026\/04\/MaechaEliotFlorianFrison26-1751.avif\u00a0\u00bb alt=\u00a0\u00bbS\u00e9ance Photo de Grossesse \u00e0 l&rsquo;arbre magique de Saint-Antonin-sur-Bayon\u00a0\u00bb title_text=\u00a0\u00bbMaecha&#038;EliotFlorianFrison26-1751&Prime; _builder_version=\u00a0\u00bb4.27.6&Prime; _module_preset=\u00a0\u00bbdefault\u00a0\u00bb border_radii=\u00a0\u00bbon|5px|5px|5px|5px\u00a0\u00bb global_colors_info=\u00a0\u00bb{}\u00a0\u00bb theme_builder_area=\u00a0\u00bbpost_content\u00a0\u00bb][\/et_pb_image][\/et_pb_column][\/et_pb_row][et_pb_row _builder_version=\u00a0\u00bb4.27.5&Prime; _module_preset=\u00a0\u00bbdefault\u00a0\u00bb global_colors_info=\u00a0\u00bb{}\u00a0\u00bb theme_builder_area=\u00a0\u00bbpost_content\u00a0\u00bb][et_pb_column type=\u00a0\u00bb4_4&Prime; _builder_version=\u00a0\u00bb4.27.5&Prime; _module_preset=\u00a0\u00bbdefault\u00a0\u00bb global_colors_info=\u00a0\u00bb{}\u00a0\u00bb theme_builder_area=\u00a0\u00bbpost_content\u00a0\u00bb][et_pb_text _builder_version=\u00a0\u00bb4.27.6&Prime; _module_preset=\u00a0\u00bbdefault\u00a0\u00bb global_colors_info=\u00a0\u00bb{}\u00a0\u00bb theme_builder_area=\u00a0\u00bbpost_content\u00a0\u00bb]<\/p>\n<h2 data-path-to-node=\"12\">Une touche inattendue venue du ciel\u00a0<\/h2>\n<p data-path-to-node=\"13\">Si le cadre \u00e9tait d\u00e9j\u00e0 grandiose, la s\u00e9ance a pris une tournure totalement inattendue.<\/p>\n<p data-path-to-node=\"14\">L&rsquo;<b data-path-to-node=\"14\" data-index-in-node=\"2\">h\u00e9licopt\u00e8re Dragon 13 de la S\u00e9curit\u00e9 Civile<\/b> s&rsquo;est invit\u00e9 dans notre d\u00e9cor. L&rsquo;\u00e9quipage a r\u00e9alis\u00e9 plusieurs atterrissages \u00e0 quelques dizaines de m\u00e8tres seulement de notre set photo. L&rsquo;un des membres de l&rsquo;\u00e9quipage, carr\u00e9ment pench\u00e9 hors de l&rsquo;h\u00e9licopt\u00e8re en vol par la porte grande ouverte, a m\u00eame pris le temps de nous faire coucou !<\/p>\n<p data-path-to-node=\"15\">Face \u00e0 cette situation surr\u00e9aliste, on a trouv\u00e9 \u00e7a tellement marrant qu&rsquo;on a d\u00e9cid\u00e9 de l&rsquo;<b data-path-to-node=\"15\" data-index-in-node=\"89\">int\u00e9grer directement \u00e0 la s\u00e9ance<\/b> ! L&rsquo;occasion \u00e9tait trop belle. Mon approche, c&rsquo;est aussi \u00e7a : vous offrir une <b data-path-to-node=\"15\" data-index-in-node=\"200\">direction artistique \u00e9l\u00e9gante<\/b> pour vos portraits, tout en gardant la r\u00e9activit\u00e9 n\u00e9cessaire pour saisir ces <b data-path-to-node=\"15\" data-index-in-node=\"307\">instants uniques, dr\u00f4les et spontan\u00e9s<\/b> qui rendront votre album vraiment diff\u00e9rent des autres.<\/p>\n<p data-path-to-node=\"16\">Un grand merci \u00e0 Maecha et Eliot pour leur fid\u00e9lit\u00e9, leur confiance&#8230; et leurs fous rires !<\/p>\n<p>[\/et_pb_text][\/et_pb_column][\/et_pb_row][et_pb_row use_custom_gutter=\u00a0\u00bbon\u00a0\u00bb gutter_width=\u00a0\u00bb2&Prime; _builder_version=\u00a0\u00bb4.27.5&Prime; _module_preset=\u00a0\u00bbdefault\u00a0\u00bb width=\u00a0\u00bb90%\u00a0\u00bb border_radii=\u00a0\u00bbon|5px|5px|5px|5px\u00a0\u00bb global_colors_info=\u00a0\u00bb{}\u00a0\u00bb theme_builder_area=\u00a0\u00bbpost_content\u00a0\u00bb][et_pb_column type=\u00a0\u00bb4_4&Prime; _builder_version=\u00a0\u00bb4.27.5&Prime; _module_preset=\u00a0\u00bbdefault\u00a0\u00bb global_colors_info=\u00a0\u00bb{}\u00a0\u00bb theme_builder_area=\u00a0\u00bbpost_content\u00a0\u00bb][et_pb_image src=\u00a0\u00bbhttps:\/\/florianfrison.com\/wp-content\/uploads\/2026\/04\/MaechaEliotFlorianFrison26-3714.webp\u00a0\u00bb alt=\u00a0\u00bbS\u00e9ance Photo de Grossesse \u00e0 l&rsquo;arbre magique de Saint-Antonin-sur-Bayon\u00a0\u00bb title_text=\u00a0\u00bbMaecha&#038;EliotFlorianFrison26-3714&Prime; _builder_version=\u00a0\u00bb4.27.6&Prime; _module_preset=\u00a0\u00bbdefault\u00a0\u00bb border_radii=\u00a0\u00bbon|5px|5px|5px|5px\u00a0\u00bb global_colors_info=\u00a0\u00bb{}\u00a0\u00bb theme_builder_area=\u00a0\u00bbpost_content\u00a0\u00bb][\/et_pb_image][\/et_pb_column][\/et_pb_row][et_pb_row _builder_version=\u00a0\u00bb4.27.5&Prime; _module_preset=\u00a0\u00bbdefault\u00a0\u00bb global_colors_info=\u00a0\u00bb{}\u00a0\u00bb theme_builder_area=\u00a0\u00bbpost_content\u00a0\u00bb][et_pb_column type=\u00a0\u00bb4_4&Prime; _builder_version=\u00a0\u00bb4.27.5&Prime; _module_preset=\u00a0\u00bbdefault\u00a0\u00bb global_colors_info=\u00a0\u00bb{}\u00a0\u00bb theme_builder_area=\u00a0\u00bbpost_content\u00a0\u00bb][et_pb_text _builder_version=\u00a0\u00bb4.27.6&Prime; _module_preset=\u00a0\u00bbdefault\u00a0\u00bb global_colors_info=\u00a0\u00bb{}\u00a0\u00bb theme_builder_area=\u00a0\u00bbpost_content\u00a0\u00bb]<\/p>\n<p><b data-path-to-node=\"18\" data-index-in-node=\"0\">Envie de cr\u00e9er votre patrimoine visuel ?<\/b><\/p>\n<p>Que ce soit pour votre <b data-path-to-node=\"18\" data-index-in-node=\"64\">mariage<\/b> ou pour c\u00e9l\u00e9brer l&rsquo;agrandissement de votre famille, je mets mon exigence technique et mon regard artistique \u00e0 votre service pour vos <b data-path-to-node=\"18\" data-index-in-node=\"205\">souvenirs.<\/b><\/p>\n<p>[\/et_pb_text][\/et_pb_column][\/et_pb_row][\/et_pb_section]<\/p>\n","protected":false},"excerpt":{"rendered":"<p>Temps de travail sur ce reportage : 12hIl y a des moments dans la vie d&rsquo;un photographe en Provence qui rappellent le sens profond de ce m\u00e9tier. Quel immense privil\u00e8ge de retrouver Maecha et Eliot ! Apr\u00e8s avoir eu l&rsquo;honneur d&rsquo;immortaliser leur magnifique mariage en 2025, c&rsquo;est avec beaucoup d&rsquo;\u00e9motion que je les ai rejoints [&hellip;]<\/p>\n","protected":false},"author":1,"featured_media":1133,"comment_status":"open","ping_status":"open","sticky":false,"template":"","format":"standard","meta":{"_et_pb_use_builder":"on","_et_pb_old_content":"","_et_gb_content_width":"","footnotes":""},"categories":[18,19],"tags":[],"class_list":["post-1124","post","type-post","status-publish","format-standard","has-post-thumbnail","hentry","category-portrait","category-seance-photo"],"yoast_head":"<!-- This site is optimized with the Yoast SEO plugin v27.4 - https:\/\/yoast.com\/product\/yoast-seo-wordpress\/ -->\n<title>Photographe Grossesse : S\u00e9ance \u00e0 la Sainte-Victoire<\/title>\n<meta name=\"description\" content=\"De leur mariage en 2025 \u00e0 leur s\u00e9ance grossesse, d\u00e9couvrez l&#039;histoire de Maecha et Eliot au pied de la Sainte-Victoire, marqu\u00e9e par un invit\u00e9 tr\u00e8s sp\u00e9cial !\" \/>\n<meta name=\"robots\" content=\"index, follow, max-snippet:-1, max-image-preview:large, max-video-preview:-1\" \/>\n<link rel=\"canonical\" href=\"https:\/\/florianfrison.com\/en\/2026\/04\/11\/seance-grossesse-a-la-sainte-victoire-quand-un-helicoptere-sinvite-sur-le-set\/\" \/>\n<meta property=\"og:locale\" content=\"en_GB\" \/>\n<meta property=\"og:type\" content=\"article\" \/>\n<meta property=\"og:title\" content=\"Photographe Grossesse : S\u00e9ance \u00e0 la Sainte-Victoire\" \/>\n<meta property=\"og:description\" content=\"De leur mariage en 2025 \u00e0 leur s\u00e9ance grossesse, d\u00e9couvrez l&#039;histoire de Maecha et Eliot au pied de la Sainte-Victoire, marqu\u00e9e par un invit\u00e9 tr\u00e8s sp\u00e9cial !\" \/>\n<meta property=\"og:url\" content=\"https:\/\/florianfrison.com\/en\/2026\/04\/11\/seance-grossesse-a-la-sainte-victoire-quand-un-helicoptere-sinvite-sur-le-set\/\" \/>\n<meta property=\"og:site_name\" content=\"Florian FRISON - Photography\" \/>\n<meta property=\"article:publisher\" content=\"https:\/\/www.facebook.com\/Flotographie73000\" \/>\n<meta property=\"article:published_time\" content=\"2026-04-11T09:43:22+00:00\" \/>\n<meta property=\"article:modified_time\" content=\"2026-04-11T09:52:53+00:00\" \/>\n<meta name=\"author\" content=\"Florian FRISON\" \/>\n<meta name=\"twitter:card\" content=\"summary_large_image\" \/>\n<meta name=\"twitter:creator\" content=\"@flotographie73\" \/>\n<meta name=\"twitter:site\" content=\"@flotographie73\" \/>\n<meta name=\"twitter:label1\" content=\"Written by\" \/>\n\t<meta name=\"twitter:data1\" content=\"Florian FRISON\" \/>\n\t<meta name=\"twitter:label2\" content=\"Estimated reading time\" \/>\n\t<meta name=\"twitter:data2\" content=\"1 minute\" \/>\n<script type=\"application\/ld+json\" class=\"yoast-schema-graph\">{\"@context\":\"https:\\\/\\\/schema.org\",\"@graph\":[{\"@type\":\"Article\",\"@id\":\"https:\\\/\\\/florianfrison.com\\\/2026\\\/04\\\/11\\\/seance-grossesse-a-la-sainte-victoire-quand-un-helicoptere-sinvite-sur-le-set\\\/#article\",\"isPartOf\":{\"@id\":\"https:\\\/\\\/florianfrison.com\\\/2026\\\/04\\\/11\\\/seance-grossesse-a-la-sainte-victoire-quand-un-helicoptere-sinvite-sur-le-set\\\/\"},\"author\":{\"name\":\"Florian FRISON\",\"@id\":\"https:\\\/\\\/florianfrison.com\\\/#\\\/schema\\\/person\\\/8617b9f43c66ca1213a6ee05b2babc48\"},\"headline\":\"S\u00e9ance Grossesse \u00e0 la Sainte-Victoire : Quand un h\u00e9licopt\u00e8re s&rsquo;invite sur le set !\",\"datePublished\":\"2026-04-11T09:43:22+00:00\",\"dateModified\":\"2026-04-11T09:52:53+00:00\",\"mainEntityOfPage\":{\"@id\":\"https:\\\/\\\/florianfrison.com\\\/2026\\\/04\\\/11\\\/seance-grossesse-a-la-sainte-victoire-quand-un-helicoptere-sinvite-sur-le-set\\\/\"},\"wordCount\":1278,\"commentCount\":0,\"publisher\":{\"@id\":\"https:\\\/\\\/florianfrison.com\\\/#organization\"},\"image\":{\"@id\":\"https:\\\/\\\/florianfrison.com\\\/2026\\\/04\\\/11\\\/seance-grossesse-a-la-sainte-victoire-quand-un-helicoptere-sinvite-sur-le-set\\\/#primaryimage\"},\"thumbnailUrl\":\"https:\\\/\\\/florianfrison.com\\\/wp-content\\\/uploads\\\/2026\\\/04\\\/MaechaEliotFlorianFrison26-1751.avif\",\"articleSection\":[\"Portrait\",\"S\u00e9ance photo\"],\"inLanguage\":\"en-GB\",\"potentialAction\":[{\"@type\":\"CommentAction\",\"name\":\"Comment\",\"target\":[\"https:\\\/\\\/florianfrison.com\\\/2026\\\/04\\\/11\\\/seance-grossesse-a-la-sainte-victoire-quand-un-helicoptere-sinvite-sur-le-set\\\/#respond\"]}]},{\"@type\":\"WebPage\",\"@id\":\"https:\\\/\\\/florianfrison.com\\\/2026\\\/04\\\/11\\\/seance-grossesse-a-la-sainte-victoire-quand-un-helicoptere-sinvite-sur-le-set\\\/\",\"url\":\"https:\\\/\\\/florianfrison.com\\\/2026\\\/04\\\/11\\\/seance-grossesse-a-la-sainte-victoire-quand-un-helicoptere-sinvite-sur-le-set\\\/\",\"name\":\"Photographe Grossesse : S\u00e9ance \u00e0 la Sainte-Victoire\",\"isPartOf\":{\"@id\":\"https:\\\/\\\/florianfrison.com\\\/#website\"},\"primaryImageOfPage\":{\"@id\":\"https:\\\/\\\/florianfrison.com\\\/2026\\\/04\\\/11\\\/seance-grossesse-a-la-sainte-victoire-quand-un-helicoptere-sinvite-sur-le-set\\\/#primaryimage\"},\"image\":{\"@id\":\"https:\\\/\\\/florianfrison.com\\\/2026\\\/04\\\/11\\\/seance-grossesse-a-la-sainte-victoire-quand-un-helicoptere-sinvite-sur-le-set\\\/#primaryimage\"},\"thumbnailUrl\":\"https:\\\/\\\/florianfrison.com\\\/wp-content\\\/uploads\\\/2026\\\/04\\\/MaechaEliotFlorianFrison26-1751.avif\",\"datePublished\":\"2026-04-11T09:43:22+00:00\",\"dateModified\":\"2026-04-11T09:52:53+00:00\",\"description\":\"De leur mariage en 2025 \u00e0 leur s\u00e9ance grossesse, d\u00e9couvrez l'histoire de Maecha et Eliot au pied de la Sainte-Victoire, marqu\u00e9e par un invit\u00e9 tr\u00e8s sp\u00e9cial !\",\"breadcrumb\":{\"@id\":\"https:\\\/\\\/florianfrison.com\\\/2026\\\/04\\\/11\\\/seance-grossesse-a-la-sainte-victoire-quand-un-helicoptere-sinvite-sur-le-set\\\/#breadcrumb\"},\"inLanguage\":\"en-GB\",\"potentialAction\":[{\"@type\":\"ReadAction\",\"target\":[\"https:\\\/\\\/florianfrison.com\\\/2026\\\/04\\\/11\\\/seance-grossesse-a-la-sainte-victoire-quand-un-helicoptere-sinvite-sur-le-set\\\/\"]}]},{\"@type\":\"ImageObject\",\"inLanguage\":\"en-GB\",\"@id\":\"https:\\\/\\\/florianfrison.com\\\/2026\\\/04\\\/11\\\/seance-grossesse-a-la-sainte-victoire-quand-un-helicoptere-sinvite-sur-le-set\\\/#primaryimage\",\"url\":\"https:\\\/\\\/florianfrison.com\\\/wp-content\\\/uploads\\\/2026\\\/04\\\/MaechaEliotFlorianFrison26-1751.avif\",\"contentUrl\":\"https:\\\/\\\/florianfrison.com\\\/wp-content\\\/uploads\\\/2026\\\/04\\\/MaechaEliotFlorianFrison26-1751.avif\",\"width\":1920,\"height\":1280,\"caption\":\"S\u00e9ance Photo de Grossesse \u00e0 l'arbre magique de Saint-Antonin-sur-Bayon\"},{\"@type\":\"BreadcrumbList\",\"@id\":\"https:\\\/\\\/florianfrison.com\\\/2026\\\/04\\\/11\\\/seance-grossesse-a-la-sainte-victoire-quand-un-helicoptere-sinvite-sur-le-set\\\/#breadcrumb\",\"itemListElement\":[{\"@type\":\"ListItem\",\"position\":1,\"name\":\"Home\",\"item\":\"https:\\\/\\\/florianfrison.com\\\/\"},{\"@type\":\"ListItem\",\"position\":2,\"name\":\"S\u00e9ance Grossesse \u00e0 la Sainte-Victoire : Quand un h\u00e9licopt\u00e8re s&rsquo;invite sur le set !\"}]},{\"@type\":\"WebSite\",\"@id\":\"https:\\\/\\\/florianfrison.com\\\/#website\",\"url\":\"https:\\\/\\\/florianfrison.com\\\/\",\"name\":\"Florian FRISON - Photography\",\"description\":\"Photographe de Mariage &amp; Lifestyle \u2013 Provence &amp; Savoie\",\"publisher\":{\"@id\":\"https:\\\/\\\/florianfrison.com\\\/#organization\"},\"alternateName\":\"Florian FRISON\",\"potentialAction\":[{\"@type\":\"SearchAction\",\"target\":{\"@type\":\"EntryPoint\",\"urlTemplate\":\"https:\\\/\\\/florianfrison.com\\\/?s={search_term_string}\"},\"query-input\":{\"@type\":\"PropertyValueSpecification\",\"valueRequired\":true,\"valueName\":\"search_term_string\"}}],\"inLanguage\":\"en-GB\"},{\"@type\":\"Organization\",\"@id\":\"https:\\\/\\\/florianfrison.com\\\/#organization\",\"name\":\"Florian FRISON - Photography\",\"alternateName\":\"Florian FRISON\",\"url\":\"https:\\\/\\\/florianfrison.com\\\/\",\"logo\":{\"@type\":\"ImageObject\",\"inLanguage\":\"en-GB\",\"@id\":\"https:\\\/\\\/florianfrison.com\\\/#\\\/schema\\\/logo\\\/image\\\/\",\"url\":\"https:\\\/\\\/florianfrison.com\\\/wp-content\\\/uploads\\\/2025\\\/11\\\/LogoNoircompresse.png\",\"contentUrl\":\"https:\\\/\\\/florianfrison.com\\\/wp-content\\\/uploads\\\/2025\\\/11\\\/LogoNoircompresse.png\",\"width\":500,\"height\":389,\"caption\":\"Florian FRISON - Photography\"},\"image\":{\"@id\":\"https:\\\/\\\/florianfrison.com\\\/#\\\/schema\\\/logo\\\/image\\\/\"},\"sameAs\":[\"https:\\\/\\\/www.facebook.com\\\/Flotographie73000\",\"https:\\\/\\\/x.com\\\/flotographie73\",\"https:\\\/\\\/www.instagram.com\\\/florianfrisonphoto\\\/\",\"https:\\\/\\\/www.linkedin.com\\\/company\\\/69712919\"]},{\"@type\":\"Person\",\"@id\":\"https:\\\/\\\/florianfrison.com\\\/#\\\/schema\\\/person\\\/8617b9f43c66ca1213a6ee05b2babc48\",\"name\":\"Florian FRISON\",\"image\":{\"@type\":\"ImageObject\",\"inLanguage\":\"en-GB\",\"@id\":\"https:\\\/\\\/secure.gravatar.com\\\/avatar\\\/684552731c32c09ae5ec626a6a6f25c2fcdddc87f38adadf4bbc85c93a9a5716?s=96&d=mm&r=g\",\"url\":\"https:\\\/\\\/secure.gravatar.com\\\/avatar\\\/684552731c32c09ae5ec626a6a6f25c2fcdddc87f38adadf4bbc85c93a9a5716?s=96&d=mm&r=g\",\"contentUrl\":\"https:\\\/\\\/secure.gravatar.com\\\/avatar\\\/684552731c32c09ae5ec626a6a6f25c2fcdddc87f38adadf4bbc85c93a9a5716?s=96&d=mm&r=g\",\"caption\":\"Florian FRISON\"},\"sameAs\":[\"https:\\\/\\\/florianfrison.com\"],\"url\":\"https:\\\/\\\/florianfrison.com\\\/en\\\/author\\\/flotographie\\\/\"}]}<\/script>\n<!-- \/ Yoast SEO plugin. -->","yoast_head_json":{"title":"Photographe Grossesse : S\u00e9ance \u00e0 la Sainte-Victoire","description":"De leur mariage en 2025 \u00e0 leur s\u00e9ance grossesse, d\u00e9couvrez l'histoire de Maecha et Eliot au pied de la Sainte-Victoire, marqu\u00e9e par un invit\u00e9 tr\u00e8s sp\u00e9cial !","robots":{"index":"index","follow":"follow","max-snippet":"max-snippet:-1","max-image-preview":"max-image-preview:large","max-video-preview":"max-video-preview:-1"},"canonical":"https:\/\/florianfrison.com\/en\/2026\/04\/11\/seance-grossesse-a-la-sainte-victoire-quand-un-helicoptere-sinvite-sur-le-set\/","og_locale":"en_GB","og_type":"article","og_title":"Photographe Grossesse : S\u00e9ance \u00e0 la Sainte-Victoire","og_description":"De leur mariage en 2025 \u00e0 leur s\u00e9ance grossesse, d\u00e9couvrez l'histoire de Maecha et Eliot au pied de la Sainte-Victoire, marqu\u00e9e par un invit\u00e9 tr\u00e8s sp\u00e9cial !","og_url":"https:\/\/florianfrison.com\/en\/2026\/04\/11\/seance-grossesse-a-la-sainte-victoire-quand-un-helicoptere-sinvite-sur-le-set\/","og_site_name":"Florian FRISON - Photography","article_publisher":"https:\/\/www.facebook.com\/Flotographie73000","article_published_time":"2026-04-11T09:43:22+00:00","article_modified_time":"2026-04-11T09:52:53+00:00","author":"Florian FRISON","twitter_card":"summary_large_image","twitter_creator":"@flotographie73","twitter_site":"@flotographie73","twitter_misc":{"Written by":"Florian FRISON","Estimated reading time":"1 minute"},"schema":{"@context":"https:\/\/schema.org","@graph":[{"@type":"Article","@id":"https:\/\/florianfrison.com\/2026\/04\/11\/seance-grossesse-a-la-sainte-victoire-quand-un-helicoptere-sinvite-sur-le-set\/#article","isPartOf":{"@id":"https:\/\/florianfrison.com\/2026\/04\/11\/seance-grossesse-a-la-sainte-victoire-quand-un-helicoptere-sinvite-sur-le-set\/"},"author":{"name":"Florian FRISON","@id":"https:\/\/florianfrison.com\/#\/schema\/person\/8617b9f43c66ca1213a6ee05b2babc48"},"headline":"S\u00e9ance Grossesse \u00e0 la Sainte-Victoire : Quand un h\u00e9licopt\u00e8re s&rsquo;invite sur le set !","datePublished":"2026-04-11T09:43:22+00:00","dateModified":"2026-04-11T09:52:53+00:00","mainEntityOfPage":{"@id":"https:\/\/florianfrison.com\/2026\/04\/11\/seance-grossesse-a-la-sainte-victoire-quand-un-helicoptere-sinvite-sur-le-set\/"},"wordCount":1278,"commentCount":0,"publisher":{"@id":"https:\/\/florianfrison.com\/#organization"},"image":{"@id":"https:\/\/florianfrison.com\/2026\/04\/11\/seance-grossesse-a-la-sainte-victoire-quand-un-helicoptere-sinvite-sur-le-set\/#primaryimage"},"thumbnailUrl":"https:\/\/florianfrison.com\/wp-content\/uploads\/2026\/04\/MaechaEliotFlorianFrison26-1751.avif","articleSection":["Portrait","S\u00e9ance photo"],"inLanguage":"en-GB","potentialAction":[{"@type":"CommentAction","name":"Comment","target":["https:\/\/florianfrison.com\/2026\/04\/11\/seance-grossesse-a-la-sainte-victoire-quand-un-helicoptere-sinvite-sur-le-set\/#respond"]}]},{"@type":"WebPage","@id":"https:\/\/florianfrison.com\/2026\/04\/11\/seance-grossesse-a-la-sainte-victoire-quand-un-helicoptere-sinvite-sur-le-set\/","url":"https:\/\/florianfrison.com\/2026\/04\/11\/seance-grossesse-a-la-sainte-victoire-quand-un-helicoptere-sinvite-sur-le-set\/","name":"Photographe Grossesse : S\u00e9ance \u00e0 la Sainte-Victoire","isPartOf":{"@id":"https:\/\/florianfrison.com\/#website"},"primaryImageOfPage":{"@id":"https:\/\/florianfrison.com\/2026\/04\/11\/seance-grossesse-a-la-sainte-victoire-quand-un-helicoptere-sinvite-sur-le-set\/#primaryimage"},"image":{"@id":"https:\/\/florianfrison.com\/2026\/04\/11\/seance-grossesse-a-la-sainte-victoire-quand-un-helicoptere-sinvite-sur-le-set\/#primaryimage"},"thumbnailUrl":"https:\/\/florianfrison.com\/wp-content\/uploads\/2026\/04\/MaechaEliotFlorianFrison26-1751.avif","datePublished":"2026-04-11T09:43:22+00:00","dateModified":"2026-04-11T09:52:53+00:00","description":"De leur mariage en 2025 \u00e0 leur s\u00e9ance grossesse, d\u00e9couvrez l'histoire de Maecha et Eliot au pied de la Sainte-Victoire, marqu\u00e9e par un invit\u00e9 tr\u00e8s sp\u00e9cial !","breadcrumb":{"@id":"https:\/\/florianfrison.com\/2026\/04\/11\/seance-grossesse-a-la-sainte-victoire-quand-un-helicoptere-sinvite-sur-le-set\/#breadcrumb"},"inLanguage":"en-GB","potentialAction":[{"@type":"ReadAction","target":["https:\/\/florianfrison.com\/2026\/04\/11\/seance-grossesse-a-la-sainte-victoire-quand-un-helicoptere-sinvite-sur-le-set\/"]}]},{"@type":"ImageObject","inLanguage":"en-GB","@id":"https:\/\/florianfrison.com\/2026\/04\/11\/seance-grossesse-a-la-sainte-victoire-quand-un-helicoptere-sinvite-sur-le-set\/#primaryimage","url":"https:\/\/florianfrison.com\/wp-content\/uploads\/2026\/04\/MaechaEliotFlorianFrison26-1751.avif","contentUrl":"https:\/\/florianfrison.com\/wp-content\/uploads\/2026\/04\/MaechaEliotFlorianFrison26-1751.avif","width":1920,"height":1280,"caption":"S\u00e9ance Photo de Grossesse \u00e0 l'arbre magique de Saint-Antonin-sur-Bayon"},{"@type":"BreadcrumbList","@id":"https:\/\/florianfrison.com\/2026\/04\/11\/seance-grossesse-a-la-sainte-victoire-quand-un-helicoptere-sinvite-sur-le-set\/#breadcrumb","itemListElement":[{"@type":"ListItem","position":1,"name":"Home","item":"https:\/\/florianfrison.com\/"},{"@type":"ListItem","position":2,"name":"S\u00e9ance Grossesse \u00e0 la Sainte-Victoire : Quand un h\u00e9licopt\u00e8re s&rsquo;invite sur le set !"}]},{"@type":"WebSite","@id":"https:\/\/florianfrison.com\/#website","url":"https:\/\/florianfrison.com\/","name":"Florian FRISON - Photography","description":"Wedding &amp; Lifestyle Photographer \u2013 Provence &amp; French Alps","publisher":{"@id":"https:\/\/florianfrison.com\/#organization"},"alternateName":"Florian FRISON","potentialAction":[{"@type":"SearchAction","target":{"@type":"EntryPoint","urlTemplate":"https:\/\/florianfrison.com\/?s={search_term_string}"},"query-input":{"@type":"PropertyValueSpecification","valueRequired":true,"valueName":"search_term_string"}}],"inLanguage":"en-GB"},{"@type":"Organization","@id":"https:\/\/florianfrison.com\/#organization","name":"Florian FRISON - Photography","alternateName":"Florian FRISON","url":"https:\/\/florianfrison.com\/","logo":{"@type":"ImageObject","inLanguage":"en-GB","@id":"https:\/\/florianfrison.com\/#\/schema\/logo\/image\/","url":"https:\/\/florianfrison.com\/wp-content\/uploads\/2025\/11\/LogoNoircompresse.png","contentUrl":"https:\/\/florianfrison.com\/wp-content\/uploads\/2025\/11\/LogoNoircompresse.png","width":500,"height":389,"caption":"Florian FRISON - Photography"},"image":{"@id":"https:\/\/florianfrison.com\/#\/schema\/logo\/image\/"},"sameAs":["https:\/\/www.facebook.com\/Flotographie73000","https:\/\/x.com\/flotographie73","https:\/\/www.instagram.com\/florianfrisonphoto\/","https:\/\/www.linkedin.com\/company\/69712919"]},{"@type":"Person","@id":"https:\/\/florianfrison.com\/#\/schema\/person\/8617b9f43c66ca1213a6ee05b2babc48","name":"Florian FRISON","image":{"@type":"ImageObject","inLanguage":"en-GB","@id":"https:\/\/secure.gravatar.com\/avatar\/684552731c32c09ae5ec626a6a6f25c2fcdddc87f38adadf4bbc85c93a9a5716?s=96&d=mm&r=g","url":"https:\/\/secure.gravatar.com\/avatar\/684552731c32c09ae5ec626a6a6f25c2fcdddc87f38adadf4bbc85c93a9a5716?s=96&d=mm&r=g","contentUrl":"https:\/\/secure.gravatar.com\/avatar\/684552731c32c09ae5ec626a6a6f25c2fcdddc87f38adadf4bbc85c93a9a5716?s=96&d=mm&r=g","caption":"Florian FRISON"},"sameAs":["https:\/\/florianfrison.com"],"url":"https:\/\/florianfrison.com\/en\/author\/flotographie\/"}]}},"_links":{"self":[{"href":"https:\/\/florianfrison.com\/en\/wp-json\/wp\/v2\/posts\/1124","targetHints":{"allow":["GET"]}}],"collection":[{"href":"https:\/\/florianfrison.com\/en\/wp-json\/wp\/v2\/posts"}],"about":[{"href":"https:\/\/florianfrison.com\/en\/wp-json\/wp\/v2\/types\/post"}],"author":[{"embeddable":true,"href":"https:\/\/florianfrison.com\/en\/wp-json\/wp\/v2\/users\/1"}],"replies":[{"embeddable":true,"href":"https:\/\/florianfrison.com\/en\/wp-json\/wp\/v2\/comments?post=1124"}],"version-history":[{"count":5,"href":"https:\/\/florianfrison.com\/en\/wp-json\/wp\/v2\/posts\/1124\/revisions"}],"predecessor-version":[{"id":1149,"href":"https:\/\/florianfrison.com\/en\/wp-json\/wp\/v2\/posts\/1124\/revisions\/1149"}],"wp:featuredmedia":[{"embeddable":true,"href":"https:\/\/florianfrison.com\/en\/wp-json\/wp\/v2\/media\/1133"}],"wp:attachment":[{"href":"https:\/\/florianfrison.com\/en\/wp-json\/wp\/v2\/media?parent=1124"}],"wp:term":[{"taxonomy":"category","embeddable":true,"href":"https:\/\/florianfrison.com\/en\/wp-json\/wp\/v2\/categories?post=1124"},{"taxonomy":"post_tag","embeddable":true,"href":"https:\/\/florianfrison.com\/en\/wp-json\/wp\/v2\/tags?post=1124"}],"curies":[{"name":"wp","href":"https:\/\/api.w.org\/{rel}","templated":true}]}}