{"id":1067,"date":"2026-03-20T16:57:21","date_gmt":"2026-03-20T15:57:21","guid":{"rendered":"https:\/\/florianfrison.com\/?p=1067"},"modified":"2026-03-20T16:57:22","modified_gmt":"2026-03-20T15:57:22","slug":"pourquoi-engager-un-photographe-de-mariage-professionnel","status":"publish","type":"post","link":"https:\/\/florianfrison.com\/en\/2026\/03\/20\/pourquoi-engager-un-photographe-de-mariage-professionnel\/","title":{"rendered":"Why Hire a Professional Wedding Photographer?"},"content":{"rendered":"<p>[et_pb_section fb_built=\u00a0\u00bb1&Prime; _builder_version=\u00a0\u00bb4.27.5&Prime; _module_preset=\u00a0\u00bbdefault\u00a0\u00bb global_colors_info=\u00a0\u00bb{}\u00a0\u00bb theme_builder_area=\u00a0\u00bbet_body_layout\u00a0\u00bb][et_pb_row _builder_version=\u00a0\u00bb4.27.5&Prime; _module_preset=\u00a0\u00bbdefault\u00a0\u00bb global_colors_info=\u00a0\u00bb{}\u00a0\u00bb theme_builder_area=\u00a0\u00bbet_body_layout\u00a0\u00bb][et_pb_column type=\u00a0\u00bb4_4&Prime; _builder_version=\u00a0\u00bb4.27.5&Prime; _module_preset=\u00a0\u00bbdefault\u00a0\u00bb global_colors_info=\u00a0\u00bb{}\u00a0\u00bb theme_builder_area=\u00a0\u00bbet_body_layout\u00a0\u00bb][et_pb_text _builder_version=\u00a0\u00bb4.27.6&Prime; _module_preset=\u00a0\u00bbdefault\u00a0\u00bb hover_enabled=\u00a0\u00bb0&Prime; global_colors_info=\u00a0\u00bb{}\u00a0\u00bb theme_builder_area=\u00a0\u00bbet_body_layout\u00a0\u00bb sticky_enabled=\u00a0\u00bb0&Prime;]<\/p>\n<p data-path-to-node=\"6\">Le choix d\u2019un <b data-path-to-node=\"6\" data-index-in-node=\"14\">photographe pour votre mariage<\/b> est une d\u00e9cision cruciale. Ce jour-l\u00e0, chaque sourire, chaque regard et chaque instant d\u2019\u00e9motion sont pr\u00e9cieux. Engager un <b data-path-to-node=\"6\" data-index-in-node=\"168\">photographe professionnel<\/b> peut sembler \u00eatre la voie naturelle, mais les raisons vont bien au-del\u00e0 de la simple couverture photographique. Dans cet article, nous plongerons dans les raisons pour lesquelles choisir un <b data-path-to-node=\"6\" data-index-in-node=\"384\">photographe de mariage professionnel<\/b> fait une \u00e9norme diff\u00e9rence dans la pr\u00e9servation de vos <b data-path-to-node=\"6\" data-index-in-node=\"476\">souvenirs de mariage<\/b>.<\/p>\n<p data-path-to-node=\"7\"><b data-path-to-node=\"7\" data-index-in-node=\"0\">Des Souvenirs Authentiques et \u00c9motionnels<\/b><\/p>\n<p data-path-to-node=\"7\">Un <b data-path-to-node=\"7\" data-index-in-node=\"45\">photographe de mariage<\/b> est un expert pour capturer des moments authentiques et \u00e9motionnels. Ses comp\u00e9tences sont d\u00e9di\u00e9es \u00e0 saisir les sourires \u00e9chang\u00e9s, les regards significatifs et les larmes de joie sur le vif. Ces clich\u00e9s figent l\u2019\u00e9motion du moment dans toute sa sinc\u00e9rit\u00e9, vous permettant de revivre ces instants sp\u00e9ciaux \u00e0 chaque regard port\u00e9 sur vos photos.<\/p>\n<p data-path-to-node=\"8\"><b data-path-to-node=\"8\" data-index-in-node=\"0\">Une Planification Pr\u00e9par\u00e9e<\/b><\/p>\n<p data-path-to-node=\"8\">Collaborer avec un <b data-path-to-node=\"8\" data-index-in-node=\"46\">photographe professionnel<\/b> signifie travailler avec quelqu\u2019un qui comprend l\u2019importance de chaque instant de votre journ\u00e9e. Il planifie soigneusement chaque \u00e9tape, des pr\u00e9paratifs au premier regard, de la c\u00e9r\u00e9monie \u00e0 la r\u00e9ception. Son exp\u00e9rience lui permet d\u2019anticiper les angles et les moments cl\u00e9s qui feront briller votre <b data-path-to-node=\"8\" data-index-in-node=\"370\">reportage de mariage<\/b>.<\/p>\n<p data-path-to-node=\"9\"><b data-path-to-node=\"9\" data-index-in-node=\"0\">La Cr\u00e9ativit\u00e9 Artistique<\/b><\/p>\n<p data-path-to-node=\"9\">Un <b data-path-to-node=\"9\" data-index-in-node=\"28\">photographe de mariage professionnel<\/b> apporte une touche artistique unique \u00e0 chaque clich\u00e9. Il sait comment jouer avec les perspectives, les ombres et les couleurs pour cr\u00e9er des compositions visuellement \u00e9blouissantes, transformant une simple photo en une v\u00e9ritable \u0153uvre d\u2019art.<\/p>\n<p data-path-to-node=\"10\"><b data-path-to-node=\"10\" data-index-in-node=\"0\">La Ma\u00eetrise des Lumi\u00e8res Complexes<\/b><\/p>\n<p data-path-to-node=\"10\">C&rsquo;est ici que l&rsquo;expertise fait toute la diff\u00e9rence. Que ce soit sous le soleil \u00e9clatant de Provence en plein \u00e9t\u00e9, dans une \u00e9glise sombre, ou sur un dancefloor illumin\u00e9 en pleine nuit, un professionnel ma\u00eetrise la lumi\u00e8re. L\u00e0 o\u00f9 d&rsquo;autres ne verraient que des contraintes techniques, le <b data-path-to-node=\"10\" data-index-in-node=\"320\">photographe professionnel<\/b> utilise ses flashs et son savoir-faire pour sculpter la lumi\u00e8re et sublimer chaque sc\u00e8ne, quelle que soit l&rsquo;heure du jour ou de la nuit.<\/p>\n<p data-path-to-node=\"11\"><b data-path-to-node=\"11\" data-index-in-node=\"0\">Les Retouches pour Sublimer<\/b><\/p>\n<p data-path-to-node=\"11\">Le processus de post-traitement est la signature visuelle du photographe. Apr\u00e8s le mariage, les meilleures images sont soigneusement s\u00e9lectionn\u00e9es et \u00e9dit\u00e9es pour obtenir un rendu spectaculaire et intemporel. Les ajustements de colorim\u00e9trie et de contraste viennent sublimer l&rsquo;ambiance, mettant en valeur le meilleur de chaque instant.<\/p>\n<p data-path-to-node=\"12\"><b data-path-to-node=\"12\" data-index-in-node=\"0\">La S\u00e9r\u00e9nit\u00e9 Totale le Jour J<\/b><\/p>\n<p data-path-to-node=\"12\">Le plus grand luxe qu&rsquo;offre un <b data-path-to-node=\"12\" data-index-in-node=\"60\">photographe professionnel de mariage<\/b>, c&rsquo;est la tranquillit\u00e9 d&rsquo;esprit. Votre seule mission est de vivre votre journ\u00e9e \u00e0 100 %. Vous pouvez l\u00e2cher prise et profiter de vos invit\u00e9s avec la certitude absolue que votre patrimoine visuel est entre de bonnes mains. Aucun moment crucial ne sera manqu\u00e9, et vous n&rsquo;aurez pas \u00e0 vous soucier de diriger les prises de vue.<\/p>\n<p data-path-to-node=\"13\">Faire appel \u00e0 un <b data-path-to-node=\"13\" data-index-in-node=\"28\">photographe professionnel pour votre mariage<\/b> va bien au-del\u00e0 de la simple prise de vue. C\u2019est un investissement \u00e9motionnel et artistique dans la pr\u00e9servation de votre histoire. Vos photos deviendront des tr\u00e9sors inestimables pour les g\u00e9n\u00e9rations \u00e0 venir. Prendre la d\u00e9cision de travailler avec un expert, c&rsquo;est s&rsquo;assurer que chaque seconde de cette journ\u00e9e unique sera immortalis\u00e9e avec passion, \u00e9l\u00e9gance et savoir-faire.<\/p>\n<p>[\/et_pb_text][\/et_pb_column][\/et_pb_row][\/et_pb_section]<\/p>\n","protected":false},"excerpt":{"rendered":"<p>Le choix d\u2019un photographe pour votre mariage est une d\u00e9cision cruciale. Ce jour-l\u00e0, chaque sourire, chaque regard et chaque instant d\u2019\u00e9motion sont pr\u00e9cieux. Engager un photographe professionnel peut sembler \u00eatre la voie naturelle, mais les raisons vont bien au-del\u00e0 de la simple couverture photographique. Dans cet article, nous plongerons dans les raisons pour lesquelles choisir [&hellip;]<\/p>\n","protected":false},"author":1,"featured_media":769,"comment_status":"open","ping_status":"open","sticky":false,"template":"","format":"standard","meta":{"_et_pb_use_builder":"on","_et_pb_old_content":"","_et_gb_content_width":"","footnotes":""},"categories":[17],"tags":[],"class_list":["post-1067","post","type-post","status-publish","format-standard","has-post-thumbnail","hentry","category-mariage"],"yoast_head":"<!-- This site is optimized with the Yoast SEO plugin v27.4 - https:\/\/yoast.com\/product\/yoast-seo-wordpress\/ -->\n<title>Pourquoi engager un photographe de mariage professionnel ? - Florian FRISON - Photography<\/title>\n<meta name=\"description\" content=\"D\u00e9couvrez pourquoi le choix d&#039;un photographe de mariage professionnel en Provence et Savoie est le meilleur investissement pour des souvenirs authentiques et intemporels.\" \/>\n<meta name=\"robots\" content=\"index, follow, max-snippet:-1, max-image-preview:large, max-video-preview:-1\" \/>\n<link rel=\"canonical\" href=\"https:\/\/florianfrison.com\/en\/2026\/03\/20\/pourquoi-engager-un-photographe-de-mariage-professionnel\/\" \/>\n<meta property=\"og:locale\" content=\"en_GB\" \/>\n<meta property=\"og:type\" content=\"article\" \/>\n<meta property=\"og:title\" content=\"Pourquoi engager un photographe de mariage professionnel ? - Florian FRISON - Photography\" \/>\n<meta property=\"og:description\" content=\"D\u00e9couvrez pourquoi le choix d&#039;un photographe de mariage professionnel en Provence et Savoie est le meilleur investissement pour des souvenirs authentiques et intemporels.\" \/>\n<meta property=\"og:url\" content=\"https:\/\/florianfrison.com\/en\/2026\/03\/20\/pourquoi-engager-un-photographe-de-mariage-professionnel\/\" \/>\n<meta property=\"og:site_name\" content=\"Florian FRISON - Photography\" \/>\n<meta property=\"article:publisher\" content=\"https:\/\/www.facebook.com\/Flotographie73000\" \/>\n<meta property=\"article:published_time\" content=\"2026-03-20T15:57:21+00:00\" \/>\n<meta property=\"article:modified_time\" content=\"2026-03-20T15:57:22+00:00\" \/>\n<meta name=\"author\" content=\"Florian FRISON\" \/>\n<meta name=\"twitter:card\" content=\"summary_large_image\" \/>\n<meta name=\"twitter:creator\" content=\"@flotographie73\" \/>\n<meta name=\"twitter:site\" content=\"@flotographie73\" \/>\n<meta name=\"twitter:label1\" content=\"Written by\" \/>\n\t<meta name=\"twitter:data1\" content=\"Florian FRISON\" \/>\n\t<meta name=\"twitter:label2\" content=\"Estimated reading time\" \/>\n\t<meta name=\"twitter:data2\" content=\"1 minute\" \/>\n<script type=\"application\/ld+json\" class=\"yoast-schema-graph\">{\"@context\":\"https:\\\/\\\/schema.org\",\"@graph\":[{\"@type\":\"Article\",\"@id\":\"https:\\\/\\\/florianfrison.com\\\/2026\\\/03\\\/20\\\/pourquoi-engager-un-photographe-de-mariage-professionnel\\\/#article\",\"isPartOf\":{\"@id\":\"https:\\\/\\\/florianfrison.com\\\/2026\\\/03\\\/20\\\/pourquoi-engager-un-photographe-de-mariage-professionnel\\\/\"},\"author\":{\"name\":\"Florian FRISON\",\"@id\":\"https:\\\/\\\/florianfrison.com\\\/#\\\/schema\\\/person\\\/8617b9f43c66ca1213a6ee05b2babc48\"},\"headline\":\"Pourquoi engager un photographe de mariage professionnel ?\",\"datePublished\":\"2026-03-20T15:57:21+00:00\",\"dateModified\":\"2026-03-20T15:57:22+00:00\",\"mainEntityOfPage\":{\"@id\":\"https:\\\/\\\/florianfrison.com\\\/2026\\\/03\\\/20\\\/pourquoi-engager-un-photographe-de-mariage-professionnel\\\/\"},\"wordCount\":649,\"commentCount\":0,\"publisher\":{\"@id\":\"https:\\\/\\\/florianfrison.com\\\/#organization\"},\"image\":{\"@id\":\"https:\\\/\\\/florianfrison.com\\\/2026\\\/03\\\/20\\\/pourquoi-engager-un-photographe-de-mariage-professionnel\\\/#primaryimage\"},\"thumbnailUrl\":\"https:\\\/\\\/florianfrison.com\\\/wp-content\\\/uploads\\\/2025\\\/12\\\/MariageFlotographie-9611_lwsoptimized.avif\",\"articleSection\":[\"Mariage\"],\"inLanguage\":\"en-GB\",\"potentialAction\":[{\"@type\":\"CommentAction\",\"name\":\"Comment\",\"target\":[\"https:\\\/\\\/florianfrison.com\\\/2026\\\/03\\\/20\\\/pourquoi-engager-un-photographe-de-mariage-professionnel\\\/#respond\"]}]},{\"@type\":\"WebPage\",\"@id\":\"https:\\\/\\\/florianfrison.com\\\/2026\\\/03\\\/20\\\/pourquoi-engager-un-photographe-de-mariage-professionnel\\\/\",\"url\":\"https:\\\/\\\/florianfrison.com\\\/2026\\\/03\\\/20\\\/pourquoi-engager-un-photographe-de-mariage-professionnel\\\/\",\"name\":\"Pourquoi engager un photographe de mariage professionnel ? - Florian FRISON - Photography\",\"isPartOf\":{\"@id\":\"https:\\\/\\\/florianfrison.com\\\/#website\"},\"primaryImageOfPage\":{\"@id\":\"https:\\\/\\\/florianfrison.com\\\/2026\\\/03\\\/20\\\/pourquoi-engager-un-photographe-de-mariage-professionnel\\\/#primaryimage\"},\"image\":{\"@id\":\"https:\\\/\\\/florianfrison.com\\\/2026\\\/03\\\/20\\\/pourquoi-engager-un-photographe-de-mariage-professionnel\\\/#primaryimage\"},\"thumbnailUrl\":\"https:\\\/\\\/florianfrison.com\\\/wp-content\\\/uploads\\\/2025\\\/12\\\/MariageFlotographie-9611_lwsoptimized.avif\",\"datePublished\":\"2026-03-20T15:57:21+00:00\",\"dateModified\":\"2026-03-20T15:57:22+00:00\",\"description\":\"D\u00e9couvrez pourquoi le choix d'un photographe de mariage professionnel en Provence et Savoie est le meilleur investissement pour des souvenirs authentiques et intemporels.\",\"breadcrumb\":{\"@id\":\"https:\\\/\\\/florianfrison.com\\\/2026\\\/03\\\/20\\\/pourquoi-engager-un-photographe-de-mariage-professionnel\\\/#breadcrumb\"},\"inLanguage\":\"en-GB\",\"potentialAction\":[{\"@type\":\"ReadAction\",\"target\":[\"https:\\\/\\\/florianfrison.com\\\/2026\\\/03\\\/20\\\/pourquoi-engager-un-photographe-de-mariage-professionnel\\\/\"]}]},{\"@type\":\"ImageObject\",\"inLanguage\":\"en-GB\",\"@id\":\"https:\\\/\\\/florianfrison.com\\\/2026\\\/03\\\/20\\\/pourquoi-engager-un-photographe-de-mariage-professionnel\\\/#primaryimage\",\"url\":\"https:\\\/\\\/florianfrison.com\\\/wp-content\\\/uploads\\\/2025\\\/12\\\/MariageFlotographie-9611_lwsoptimized.avif\",\"contentUrl\":\"https:\\\/\\\/florianfrison.com\\\/wp-content\\\/uploads\\\/2025\\\/12\\\/MariageFlotographie-9611_lwsoptimized.avif\",\"width\":1920,\"height\":1280,\"caption\":\"Invit\u00e9s mariage russe ambiance festive soir\u00e9e dansante Ch\u00e2teau la Beaumetane Lan\u00e7on-Provence.\"},{\"@type\":\"BreadcrumbList\",\"@id\":\"https:\\\/\\\/florianfrison.com\\\/2026\\\/03\\\/20\\\/pourquoi-engager-un-photographe-de-mariage-professionnel\\\/#breadcrumb\",\"itemListElement\":[{\"@type\":\"ListItem\",\"position\":1,\"name\":\"Home\",\"item\":\"https:\\\/\\\/florianfrison.com\\\/\"},{\"@type\":\"ListItem\",\"position\":2,\"name\":\"Pourquoi engager un photographe de mariage professionnel ?\"}]},{\"@type\":\"WebSite\",\"@id\":\"https:\\\/\\\/florianfrison.com\\\/#website\",\"url\":\"https:\\\/\\\/florianfrison.com\\\/\",\"name\":\"Florian FRISON - Photography\",\"description\":\"Photographe de Mariage &amp; Lifestyle \u2013 Provence &amp; Savoie\",\"publisher\":{\"@id\":\"https:\\\/\\\/florianfrison.com\\\/#organization\"},\"alternateName\":\"Florian FRISON\",\"potentialAction\":[{\"@type\":\"SearchAction\",\"target\":{\"@type\":\"EntryPoint\",\"urlTemplate\":\"https:\\\/\\\/florianfrison.com\\\/?s={search_term_string}\"},\"query-input\":{\"@type\":\"PropertyValueSpecification\",\"valueRequired\":true,\"valueName\":\"search_term_string\"}}],\"inLanguage\":\"en-GB\"},{\"@type\":\"Organization\",\"@id\":\"https:\\\/\\\/florianfrison.com\\\/#organization\",\"name\":\"Florian FRISON - Photography\",\"alternateName\":\"Florian FRISON\",\"url\":\"https:\\\/\\\/florianfrison.com\\\/\",\"logo\":{\"@type\":\"ImageObject\",\"inLanguage\":\"en-GB\",\"@id\":\"https:\\\/\\\/florianfrison.com\\\/#\\\/schema\\\/logo\\\/image\\\/\",\"url\":\"https:\\\/\\\/florianfrison.com\\\/wp-content\\\/uploads\\\/2025\\\/11\\\/LogoNoircompresse.png\",\"contentUrl\":\"https:\\\/\\\/florianfrison.com\\\/wp-content\\\/uploads\\\/2025\\\/11\\\/LogoNoircompresse.png\",\"width\":500,\"height\":389,\"caption\":\"Florian FRISON - Photography\"},\"image\":{\"@id\":\"https:\\\/\\\/florianfrison.com\\\/#\\\/schema\\\/logo\\\/image\\\/\"},\"sameAs\":[\"https:\\\/\\\/www.facebook.com\\\/Flotographie73000\",\"https:\\\/\\\/x.com\\\/flotographie73\",\"https:\\\/\\\/www.instagram.com\\\/florianfrisonphoto\\\/\",\"https:\\\/\\\/www.linkedin.com\\\/company\\\/69712919\"]},{\"@type\":\"Person\",\"@id\":\"https:\\\/\\\/florianfrison.com\\\/#\\\/schema\\\/person\\\/8617b9f43c66ca1213a6ee05b2babc48\",\"name\":\"Florian FRISON\",\"image\":{\"@type\":\"ImageObject\",\"inLanguage\":\"en-GB\",\"@id\":\"https:\\\/\\\/secure.gravatar.com\\\/avatar\\\/684552731c32c09ae5ec626a6a6f25c2fcdddc87f38adadf4bbc85c93a9a5716?s=96&d=mm&r=g\",\"url\":\"https:\\\/\\\/secure.gravatar.com\\\/avatar\\\/684552731c32c09ae5ec626a6a6f25c2fcdddc87f38adadf4bbc85c93a9a5716?s=96&d=mm&r=g\",\"contentUrl\":\"https:\\\/\\\/secure.gravatar.com\\\/avatar\\\/684552731c32c09ae5ec626a6a6f25c2fcdddc87f38adadf4bbc85c93a9a5716?s=96&d=mm&r=g\",\"caption\":\"Florian FRISON\"},\"sameAs\":[\"https:\\\/\\\/florianfrison.com\"],\"url\":\"https:\\\/\\\/florianfrison.com\\\/en\\\/author\\\/flotographie\\\/\"}]}<\/script>\n<!-- \/ Yoast SEO plugin. -->","yoast_head_json":{"title":"Pourquoi engager un photographe de mariage professionnel ? - Florian FRISON - Photography","description":"D\u00e9couvrez pourquoi le choix d'un photographe de mariage professionnel en Provence et Savoie est le meilleur investissement pour des souvenirs authentiques et intemporels.","robots":{"index":"index","follow":"follow","max-snippet":"max-snippet:-1","max-image-preview":"max-image-preview:large","max-video-preview":"max-video-preview:-1"},"canonical":"https:\/\/florianfrison.com\/en\/2026\/03\/20\/pourquoi-engager-un-photographe-de-mariage-professionnel\/","og_locale":"en_GB","og_type":"article","og_title":"Pourquoi engager un photographe de mariage professionnel ? - Florian FRISON - Photography","og_description":"D\u00e9couvrez pourquoi le choix d'un photographe de mariage professionnel en Provence et Savoie est le meilleur investissement pour des souvenirs authentiques et intemporels.","og_url":"https:\/\/florianfrison.com\/en\/2026\/03\/20\/pourquoi-engager-un-photographe-de-mariage-professionnel\/","og_site_name":"Florian FRISON - Photography","article_publisher":"https:\/\/www.facebook.com\/Flotographie73000","article_published_time":"2026-03-20T15:57:21+00:00","article_modified_time":"2026-03-20T15:57:22+00:00","author":"Florian FRISON","twitter_card":"summary_large_image","twitter_creator":"@flotographie73","twitter_site":"@flotographie73","twitter_misc":{"Written by":"Florian FRISON","Estimated reading time":"1 minute"},"schema":{"@context":"https:\/\/schema.org","@graph":[{"@type":"Article","@id":"https:\/\/florianfrison.com\/2026\/03\/20\/pourquoi-engager-un-photographe-de-mariage-professionnel\/#article","isPartOf":{"@id":"https:\/\/florianfrison.com\/2026\/03\/20\/pourquoi-engager-un-photographe-de-mariage-professionnel\/"},"author":{"name":"Florian FRISON","@id":"https:\/\/florianfrison.com\/#\/schema\/person\/8617b9f43c66ca1213a6ee05b2babc48"},"headline":"Pourquoi engager un photographe de mariage professionnel ?","datePublished":"2026-03-20T15:57:21+00:00","dateModified":"2026-03-20T15:57:22+00:00","mainEntityOfPage":{"@id":"https:\/\/florianfrison.com\/2026\/03\/20\/pourquoi-engager-un-photographe-de-mariage-professionnel\/"},"wordCount":649,"commentCount":0,"publisher":{"@id":"https:\/\/florianfrison.com\/#organization"},"image":{"@id":"https:\/\/florianfrison.com\/2026\/03\/20\/pourquoi-engager-un-photographe-de-mariage-professionnel\/#primaryimage"},"thumbnailUrl":"https:\/\/florianfrison.com\/wp-content\/uploads\/2025\/12\/MariageFlotographie-9611_lwsoptimized.avif","articleSection":["Mariage"],"inLanguage":"en-GB","potentialAction":[{"@type":"CommentAction","name":"Comment","target":["https:\/\/florianfrison.com\/2026\/03\/20\/pourquoi-engager-un-photographe-de-mariage-professionnel\/#respond"]}]},{"@type":"WebPage","@id":"https:\/\/florianfrison.com\/2026\/03\/20\/pourquoi-engager-un-photographe-de-mariage-professionnel\/","url":"https:\/\/florianfrison.com\/2026\/03\/20\/pourquoi-engager-un-photographe-de-mariage-professionnel\/","name":"Pourquoi engager un photographe de mariage professionnel ? - Florian FRISON - Photography","isPartOf":{"@id":"https:\/\/florianfrison.com\/#website"},"primaryImageOfPage":{"@id":"https:\/\/florianfrison.com\/2026\/03\/20\/pourquoi-engager-un-photographe-de-mariage-professionnel\/#primaryimage"},"image":{"@id":"https:\/\/florianfrison.com\/2026\/03\/20\/pourquoi-engager-un-photographe-de-mariage-professionnel\/#primaryimage"},"thumbnailUrl":"https:\/\/florianfrison.com\/wp-content\/uploads\/2025\/12\/MariageFlotographie-9611_lwsoptimized.avif","datePublished":"2026-03-20T15:57:21+00:00","dateModified":"2026-03-20T15:57:22+00:00","description":"D\u00e9couvrez pourquoi le choix d'un photographe de mariage professionnel en Provence et Savoie est le meilleur investissement pour des souvenirs authentiques et intemporels.","breadcrumb":{"@id":"https:\/\/florianfrison.com\/2026\/03\/20\/pourquoi-engager-un-photographe-de-mariage-professionnel\/#breadcrumb"},"inLanguage":"en-GB","potentialAction":[{"@type":"ReadAction","target":["https:\/\/florianfrison.com\/2026\/03\/20\/pourquoi-engager-un-photographe-de-mariage-professionnel\/"]}]},{"@type":"ImageObject","inLanguage":"en-GB","@id":"https:\/\/florianfrison.com\/2026\/03\/20\/pourquoi-engager-un-photographe-de-mariage-professionnel\/#primaryimage","url":"https:\/\/florianfrison.com\/wp-content\/uploads\/2025\/12\/MariageFlotographie-9611_lwsoptimized.avif","contentUrl":"https:\/\/florianfrison.com\/wp-content\/uploads\/2025\/12\/MariageFlotographie-9611_lwsoptimized.avif","width":1920,"height":1280,"caption":"Invit\u00e9s mariage russe ambiance festive soir\u00e9e dansante Ch\u00e2teau la Beaumetane Lan\u00e7on-Provence."},{"@type":"BreadcrumbList","@id":"https:\/\/florianfrison.com\/2026\/03\/20\/pourquoi-engager-un-photographe-de-mariage-professionnel\/#breadcrumb","itemListElement":[{"@type":"ListItem","position":1,"name":"Home","item":"https:\/\/florianfrison.com\/"},{"@type":"ListItem","position":2,"name":"Pourquoi engager un photographe de mariage professionnel ?"}]},{"@type":"WebSite","@id":"https:\/\/florianfrison.com\/#website","url":"https:\/\/florianfrison.com\/","name":"Florian FRISON - Photography","description":"Wedding &amp; Lifestyle Photographer \u2013 Provence &amp; French Alps","publisher":{"@id":"https:\/\/florianfrison.com\/#organization"},"alternateName":"Florian FRISON","potentialAction":[{"@type":"SearchAction","target":{"@type":"EntryPoint","urlTemplate":"https:\/\/florianfrison.com\/?s={search_term_string}"},"query-input":{"@type":"PropertyValueSpecification","valueRequired":true,"valueName":"search_term_string"}}],"inLanguage":"en-GB"},{"@type":"Organization","@id":"https:\/\/florianfrison.com\/#organization","name":"Florian FRISON - Photography","alternateName":"Florian FRISON","url":"https:\/\/florianfrison.com\/","logo":{"@type":"ImageObject","inLanguage":"en-GB","@id":"https:\/\/florianfrison.com\/#\/schema\/logo\/image\/","url":"https:\/\/florianfrison.com\/wp-content\/uploads\/2025\/11\/LogoNoircompresse.png","contentUrl":"https:\/\/florianfrison.com\/wp-content\/uploads\/2025\/11\/LogoNoircompresse.png","width":500,"height":389,"caption":"Florian FRISON - Photography"},"image":{"@id":"https:\/\/florianfrison.com\/#\/schema\/logo\/image\/"},"sameAs":["https:\/\/www.facebook.com\/Flotographie73000","https:\/\/x.com\/flotographie73","https:\/\/www.instagram.com\/florianfrisonphoto\/","https:\/\/www.linkedin.com\/company\/69712919"]},{"@type":"Person","@id":"https:\/\/florianfrison.com\/#\/schema\/person\/8617b9f43c66ca1213a6ee05b2babc48","name":"Florian FRISON","image":{"@type":"ImageObject","inLanguage":"en-GB","@id":"https:\/\/secure.gravatar.com\/avatar\/684552731c32c09ae5ec626a6a6f25c2fcdddc87f38adadf4bbc85c93a9a5716?s=96&d=mm&r=g","url":"https:\/\/secure.gravatar.com\/avatar\/684552731c32c09ae5ec626a6a6f25c2fcdddc87f38adadf4bbc85c93a9a5716?s=96&d=mm&r=g","contentUrl":"https:\/\/secure.gravatar.com\/avatar\/684552731c32c09ae5ec626a6a6f25c2fcdddc87f38adadf4bbc85c93a9a5716?s=96&d=mm&r=g","caption":"Florian FRISON"},"sameAs":["https:\/\/florianfrison.com"],"url":"https:\/\/florianfrison.com\/en\/author\/flotographie\/"}]}},"_links":{"self":[{"href":"https:\/\/florianfrison.com\/en\/wp-json\/wp\/v2\/posts\/1067","targetHints":{"allow":["GET"]}}],"collection":[{"href":"https:\/\/florianfrison.com\/en\/wp-json\/wp\/v2\/posts"}],"about":[{"href":"https:\/\/florianfrison.com\/en\/wp-json\/wp\/v2\/types\/post"}],"author":[{"embeddable":true,"href":"https:\/\/florianfrison.com\/en\/wp-json\/wp\/v2\/users\/1"}],"replies":[{"embeddable":true,"href":"https:\/\/florianfrison.com\/en\/wp-json\/wp\/v2\/comments?post=1067"}],"version-history":[{"count":2,"href":"https:\/\/florianfrison.com\/en\/wp-json\/wp\/v2\/posts\/1067\/revisions"}],"predecessor-version":[{"id":1071,"href":"https:\/\/florianfrison.com\/en\/wp-json\/wp\/v2\/posts\/1067\/revisions\/1071"}],"wp:featuredmedia":[{"embeddable":true,"href":"https:\/\/florianfrison.com\/en\/wp-json\/wp\/v2\/media\/769"}],"wp:attachment":[{"href":"https:\/\/florianfrison.com\/en\/wp-json\/wp\/v2\/media?parent=1067"}],"wp:term":[{"taxonomy":"category","embeddable":true,"href":"https:\/\/florianfrison.com\/en\/wp-json\/wp\/v2\/categories?post=1067"},{"taxonomy":"post_tag","embeddable":true,"href":"https:\/\/florianfrison.com\/en\/wp-json\/wp\/v2\/tags?post=1067"}],"curies":[{"name":"wp","href":"https:\/\/api.w.org\/{rel}","templated":true}]}}