{"id":1050,"date":"2026-03-10T18:11:25","date_gmt":"2026-03-10T17:11:25","guid":{"rendered":"https:\/\/florianfrison.com\/?p=1050"},"modified":"2026-03-10T18:12:40","modified_gmt":"2026-03-10T17:12:40","slug":"le-choc-des-generations-de-mes-hybrides-nikon-a-lappareil-photo-lumiere-des-annees-50","status":"publish","type":"post","link":"https:\/\/florianfrison.com\/en\/2026\/03\/10\/le-choc-des-generations-de-mes-hybrides-nikon-a-lappareil-photo-lumiere-des-annees-50\/","title":{"rendered":"The Clash of Generations: From my Nikon Hybrids to the 1950s Lumi\u00e8re Camera"},"content":{"rendered":"<p>[et_pb_section fb_built=\u00a0\u00bb1&Prime; _builder_version=\u00a0\u00bb4.27.5&Prime; _module_preset=\u00a0\u00bbdefault\u00a0\u00bb global_colors_info=\u00a0\u00bb{}\u00a0\u00bb theme_builder_area=\u00a0\u00bbpost_content\u00a0\u00bb][et_pb_row _builder_version=\u00a0\u00bb4.27.5&Prime; _module_preset=\u00a0\u00bbdefault\u00a0\u00bb global_colors_info=\u00a0\u00bb{}\u00a0\u00bb theme_builder_area=\u00a0\u00bbpost_content\u00a0\u00bb][et_pb_column type=\u00a0\u00bb4_4&Prime; _builder_version=\u00a0\u00bb4.27.5&Prime; _module_preset=\u00a0\u00bbdefault\u00a0\u00bb global_colors_info=\u00a0\u00bb{}\u00a0\u00bb theme_builder_area=\u00a0\u00bbpost_content\u00a0\u00bb][et_pb_text _builder_version=\u00a0\u00bb4.27.6&Prime; _module_preset=\u00a0\u00bbdefault\u00a0\u00bb hover_enabled=\u00a0\u00bb0&Prime; global_colors_info=\u00a0\u00bb{}\u00a0\u00bb theme_builder_area=\u00a0\u00bbpost_content\u00a0\u00bb sticky_enabled=\u00a0\u00bb0&Prime;]<\/p>\n<h2 data-path-to-node=\"7\">Un h\u00e9ritage m\u00e9canique charg\u00e9 de souvenirs<\/h2>\n<p data-path-to-node=\"8\">L&rsquo;histoire de cette dr\u00f4le de machine commence v\u00e9ritablement pour moi en 2020. \u00c0 la suite du d\u00e9c\u00e8s de mon grand-p\u00e8re, cet appareil, charg\u00e9 de souvenirs et d\u2019histoires familiales, m&rsquo;a \u00e9t\u00e9 pr\u00e9cieusement transmis. Il s&rsquo;agit d&rsquo;un <b data-path-to-node=\"8\" data-index-in-node=\"225\">Lumi\u00e8re 6.5 x 11<\/b>, une authentique merveille m\u00e9canique tout droit sortie des ann\u00e9es 50.<\/p>\n<p data-path-to-node=\"9\">L&rsquo;avoir entre les mains m&rsquo;a imm\u00e9diatement procur\u00e9 une sensation singuli\u00e8re. Plut\u00f4t que de le rel\u00e9guer au rang de simple objet de d\u00e9coration sur une \u00e9tag\u00e8re, j&rsquo;ai pris une d\u00e9cision : j&rsquo;allais le remettre en \u00e9tat de marche pour qu&rsquo;il puisse, \u00e0 nouveau, capturer la lumi\u00e8re.<\/p>\n<p data-path-to-node=\"9\">Vous pouvez d&rsquo;ailleurs retrouver <a href=\"https:\/\/www.flotographie.com\/a-la-redecouverte-de-lhistoire-a-travers-lappareil-photo-lumiere-6-5-x-11-des-annees-50\/\" target=\"_blank\" rel=\"noopener\">le r\u00e9cit d\u00e9taill\u00e9 de cette red\u00e9couverte sur mon blog Flotographie<\/a>.<\/p>\n<h2 data-path-to-node=\"10\">Le choc des mondes : Nikon Z8 \/ Z6 III vs Lumi\u00e8re 6.5 x 11<\/h2>\n<p data-path-to-node=\"11\">En tant que photographe professionnel de mariage et de portrait, mon quotidien est rythm\u00e9 par l&rsquo;utilisation d&rsquo;hybrides de pointe, tels que le <b data-path-to-node=\"11\" data-index-in-node=\"142\">Nikon Z8<\/b> et le tout r\u00e9cent <b data-path-to-node=\"11\" data-index-in-node=\"169\">Z6 III<\/b>. Le contraste avec ce v\u00e9n\u00e9rable bo\u00eetier d&rsquo;apr\u00e8s-guerre est absolument saisissant, et passer de l&rsquo;un \u00e0 l&rsquo;autre exige une v\u00e9ritable gymnastique mentale.<\/p>\n<p data-path-to-node=\"12\">Prenez la nettet\u00e9, par exemple. Mes bo\u00eetiers Nikon accrochent l&rsquo;\u0153il d&rsquo;un sujet en une fraction de seconde, suivant le moindre de ses mouvements avec une pr\u00e9cision redoutable. Sur le Lumi\u00e8re, la mise au point se fait totalement \u00e0 l&rsquo;aveugle. L&rsquo;\u0153illeton, qui sert uniquement \u00e0 cadrer, n&rsquo;est absolument pas connect\u00e9 \u00e0 l&rsquo;objectif. Il faut donc estimer soi-m\u00eame la distance qui nous s\u00e9pare du sujet, \u00e0 l&rsquo;\u0153il nu, puis tourner manuellement la molette de l&rsquo;objectif sur 1 m\u00e8tre, 3 m\u00e8tres, ou 5 m\u00e8tres. La moindre erreur d&rsquo;appr\u00e9ciation, et la photographie est irr\u00e9m\u00e9diablement floue.<\/p>\n<p data-path-to-node=\"13\">Il y a aussi ce rapport au temps et \u00e0 la quantit\u00e9 qui change du tout au tout. L\u00e0 o\u00f9 mon Z8 peut figer l&rsquo;action \u00e0 des dizaines d&rsquo;images par seconde tout en s\u00e9curisant des milliers de clich\u00e9s sur son double emplacement pour cartes m\u00e9moires, l&rsquo;argentique ancien impose une rigueur et une patience absolues. Une pellicule ins\u00e9r\u00e9e dans ce Lumi\u00e8re ne me donne le droit qu&rsquo;\u00e0 4 ou 5 photos au total. Chaque d\u00e9clenchement, enti\u00e8rement m\u00e9canique, est d\u00e9finitif et co\u00fbteux. Il demande de longues minutes de pr\u00e9paration pour avancer le film, armer l&rsquo;obturateur, estimer la lumi\u00e8re et r\u00e9gler l&rsquo;ouverture.<\/p>\n<h2 data-path-to-node=\"14\">Les gal\u00e8res de la remise en route (L&rsquo;art de la bidouille)<\/h2>\n<p>Faire fonctionner une telle antiquit\u00e9 aujourd&rsquo;hui rel\u00e8ve d&rsquo;ailleurs du v\u00e9ritable parcours du combattant. J&rsquo;ai eu l&rsquo;occasion de partager <a href=\"https:\/\/www.flotographie.com\/a-la-remise-en-route-de-mon-appareil-photo-lumiere-65x11-essais-galeres-et-premieres-images\/\" target=\"_blank\" rel=\"noopener\">l&rsquo;\u00e9tendue de ces gal\u00e8res sur Flotographie<\/a>, mais le premier obstacle fut tout simplement de l&rsquo;alimenter.<\/p>\n<p data-path-to-node=\"16\">Cet appareil utilisait originellement du film au format 116, un standard qui a totalement disparu de la circulation. La seule alternative viable consistait \u00e0 utiliser des pellicules actuelles de format 120, l\u00e9g\u00e8rement plus petites, en s&rsquo;aidant d&rsquo;adaptateurs sp\u00e9cifiques. Sans ces pr\u00e9cieux accessoires lors de mes tout premiers essais, j&rsquo;ai d&rsquo;ailleurs d\u00fb faire face \u00e0 d&rsquo;importantes fuites de lumi\u00e8re qui ont ruin\u00e9 mes images.<\/p>\n<p data-path-to-node=\"17\">Ensuite s&rsquo;est pos\u00e9 le probl\u00e8me de l&rsquo;avancement du film. La \u00ab\u00a0fen\u00eatre inactinique\u00a0\u00bb, cette petite vitre rouge situ\u00e9e au dos du bo\u00eetier cens\u00e9e vous indiquer le num\u00e9ro de la vue, est plac\u00e9e pour le format 116. Avec mon film 120, les num\u00e9ros ne tombent tout simplement pas en face. Au d\u00e9but, j&rsquo;avan\u00e7ais le film \u00e0 l&rsquo;aveugle, ce qui a in\u00e9vitablement conduit \u00e0 des images superpos\u00e9es. Pour y rem\u00e9dier, j&rsquo;ai mis au point un v\u00e9ritable syst\u00e8me D avec l&rsquo;aide de mon autre grand-p\u00e8re : nous avons enroul\u00e9 du papier journal sur la bobine r\u00e9ceptrice pour compter math\u00e9matiquement le nombre de tours de molette n\u00e9cessaires. L&rsquo;astuce a fonctionn\u00e9 pour s\u00e9parer les vues, mais au prix d&rsquo;une perte \u00e9norme de surface utile sur la pellicule.<\/p>\n<h2 data-path-to-node=\"18\">Les derniers r\u00e9glages avant le grand test<\/h2>\n<p data-path-to-node=\"19\">Aujourd&rsquo;hui, je ne peux pas encore affirmer que l&rsquo;appareil est op\u00e9rationnel \u00e0 100 %, mais je touche au but.<\/p>\n<p data-path-to-node=\"20\">Afin de pallier cette fameuse perte d&rsquo;espace sur le film, mon laboratoire partenaire (<a href=\"https:\/\/studio-photo-salon.fr\/\" target=\"_blank\" rel=\"noopener\">Photo Studio \u00e0 Salon-de-Provence<\/a>) m&rsquo;a gentiment fourni des chutes de papier protecteur issues d&rsquo;anciennes pellicules. La semaine derni\u00e8re, j&rsquo;ai ainsi pu r\u00e9aliser des tests \u00ab\u00a0\u00e0 blanc\u00a0\u00bb beaucoup plus rigoureux pour tenter de d\u00e9terminer, enfin, le nombre de tours de molette parfait. Mais l&rsquo;argentique r\u00e9serve toujours des surprises : m\u00eame avec cette m\u00e9thode, j&rsquo;ai la forte impression que la tension et l&rsquo;avancement diff\u00e8rent en fonction de la marque de la pellicule utilis\u00e9e !<\/p>\n<p data-path-to-node=\"21\">Habituellement, j&rsquo;alimente ce bo\u00eetier avec de l&rsquo;Ilford 120 en Noir et Blanc (en 100 ou 400 ISO). N\u00e9anmoins, pour mon tout prochain d\u00e9fi, j&rsquo;ai d\u00e9cid\u00e9 de tester une pellicule Foma Fomapan Action 120 \u00e0 400 ISO, r\u00e9put\u00e9e pour offrir un rendu plus contrast\u00e9.<\/p>\n<p data-path-to-node=\"22\">Pourquoi toute cette pr\u00e9paration minutieuse ? Tout simplement parce qu&rsquo;une s\u00e9ance photo avec une mod\u00e8le professionnelle est actuellement en cours de pr\u00e9paration. Si ce shooting a malheureusement d\u00fb \u00eatre repouss\u00e9 pour des raisons de sant\u00e9, il reste bel et bien au programme. Ce sera l&rsquo;occasion r\u00eav\u00e9e d&#8217;emmener cette machine sur le terrain : en marge de mon travail habituel avec mes hybrides num\u00e9riques, je pr\u00e9vois de r\u00e9aliser ces 4 ou 5 clich\u00e9s uniques avec ce bo\u00eetier historique.<\/p>\n<p data-path-to-node=\"23\">Nous verrons si la magie op\u00e8re et si mes calculs de molette portent enfin leurs fruits. Restez dans les parages, le r\u00e9sultat de cette s\u00e9ance hors du temps sera d\u00e9voil\u00e9 dans l&rsquo;\u00c9pisode 2 !<\/p>\n<p>[\/et_pb_text][\/et_pb_column][\/et_pb_row][\/et_pb_section]<\/p>\n","protected":false},"excerpt":{"rendered":"<p>Un h\u00e9ritage m\u00e9canique charg\u00e9 de souvenirs L&rsquo;histoire de cette dr\u00f4le de machine commence v\u00e9ritablement pour moi en 2020. \u00c0 la suite du d\u00e9c\u00e8s de mon grand-p\u00e8re, cet appareil, charg\u00e9 de souvenirs et d\u2019histoires familiales, m&rsquo;a \u00e9t\u00e9 pr\u00e9cieusement transmis. Il s&rsquo;agit d&rsquo;un Lumi\u00e8re 6.5 x 11, une authentique merveille m\u00e9canique tout droit sortie des ann\u00e9es 50. [&hellip;]<\/p>\n","protected":false},"author":1,"featured_media":1051,"comment_status":"open","ping_status":"open","sticky":false,"template":"","format":"standard","meta":{"_et_pb_use_builder":"on","_et_pb_old_content":"","_et_gb_content_width":"","footnotes":""},"categories":[21,20],"tags":[],"class_list":["post-1050","post","type-post","status-publish","format-standard","has-post-thumbnail","hentry","category-divers","category-la-photographie"],"yoast_head":"<!-- This site is optimized with the Yoast SEO plugin v27.4 - https:\/\/yoast.com\/product\/yoast-seo-wordpress\/ -->\n<title>Comparatif Nikon Z8 vs Argentique Ancien<\/title>\n<meta name=\"description\" content=\"Remettre en route l&#039;appareil photo des ann\u00e9es 50 de mon grand-p\u00e8re ? Un d\u00e9fi technique ! D\u00e9couvrez l&#039;histoire de ce Lumi\u00e8re 6.5 x 11 et son face-\u00e0-face avec mes bo\u00eetiers modernes.\" \/>\n<meta name=\"robots\" content=\"index, follow, max-snippet:-1, max-image-preview:large, max-video-preview:-1\" \/>\n<link rel=\"canonical\" href=\"https:\/\/florianfrison.com\/en\/2026\/03\/10\/le-choc-des-generations-de-mes-hybrides-nikon-a-lappareil-photo-lumiere-des-annees-50\/\" \/>\n<meta property=\"og:locale\" content=\"en_GB\" \/>\n<meta property=\"og:type\" content=\"article\" \/>\n<meta property=\"og:title\" content=\"Comparatif Nikon Z8 vs Argentique Ancien\" \/>\n<meta property=\"og:description\" content=\"Remettre en route l&#039;appareil photo des ann\u00e9es 50 de mon grand-p\u00e8re ? Un d\u00e9fi technique ! D\u00e9couvrez l&#039;histoire de ce Lumi\u00e8re 6.5 x 11 et son face-\u00e0-face avec mes bo\u00eetiers modernes.\" \/>\n<meta property=\"og:url\" content=\"https:\/\/florianfrison.com\/en\/2026\/03\/10\/le-choc-des-generations-de-mes-hybrides-nikon-a-lappareil-photo-lumiere-des-annees-50\/\" \/>\n<meta property=\"og:site_name\" content=\"Florian FRISON - Photography\" \/>\n<meta property=\"article:publisher\" content=\"https:\/\/www.facebook.com\/Flotographie73000\" \/>\n<meta property=\"article:published_time\" content=\"2026-03-10T17:11:25+00:00\" \/>\n<meta property=\"article:modified_time\" content=\"2026-03-10T17:12:40+00:00\" \/>\n<meta name=\"author\" content=\"Florian FRISON\" \/>\n<meta name=\"twitter:card\" content=\"summary_large_image\" \/>\n<meta name=\"twitter:creator\" content=\"@flotographie73\" \/>\n<meta name=\"twitter:site\" content=\"@flotographie73\" \/>\n<meta name=\"twitter:label1\" content=\"Written by\" \/>\n\t<meta name=\"twitter:data1\" content=\"Florian FRISON\" \/>\n\t<meta name=\"twitter:label2\" content=\"Estimated reading time\" \/>\n\t<meta name=\"twitter:data2\" content=\"1 minute\" \/>\n<script type=\"application\/ld+json\" class=\"yoast-schema-graph\">{\"@context\":\"https:\\\/\\\/schema.org\",\"@graph\":[{\"@type\":\"Article\",\"@id\":\"https:\\\/\\\/florianfrison.com\\\/2026\\\/03\\\/10\\\/le-choc-des-generations-de-mes-hybrides-nikon-a-lappareil-photo-lumiere-des-annees-50\\\/#article\",\"isPartOf\":{\"@id\":\"https:\\\/\\\/florianfrison.com\\\/2026\\\/03\\\/10\\\/le-choc-des-generations-de-mes-hybrides-nikon-a-lappareil-photo-lumiere-des-annees-50\\\/\"},\"author\":{\"name\":\"Florian FRISON\",\"@id\":\"https:\\\/\\\/florianfrison.com\\\/#\\\/schema\\\/person\\\/8617b9f43c66ca1213a6ee05b2babc48\"},\"headline\":\"Le choc des g\u00e9n\u00e9rations : De mes hybrides Nikon \u00e0 l&rsquo;appareil photo Lumi\u00e8re des ann\u00e9es 50\",\"datePublished\":\"2026-03-10T17:11:25+00:00\",\"dateModified\":\"2026-03-10T17:12:40+00:00\",\"mainEntityOfPage\":{\"@id\":\"https:\\\/\\\/florianfrison.com\\\/2026\\\/03\\\/10\\\/le-choc-des-generations-de-mes-hybrides-nikon-a-lappareil-photo-lumiere-des-annees-50\\\/\"},\"wordCount\":1093,\"commentCount\":0,\"publisher\":{\"@id\":\"https:\\\/\\\/florianfrison.com\\\/#organization\"},\"image\":{\"@id\":\"https:\\\/\\\/florianfrison.com\\\/2026\\\/03\\\/10\\\/le-choc-des-generations-de-mes-hybrides-nikon-a-lappareil-photo-lumiere-des-annees-50\\\/#primaryimage\"},\"thumbnailUrl\":\"https:\\\/\\\/florianfrison.com\\\/wp-content\\\/uploads\\\/2026\\\/03\\\/Flotographie-11.avif\",\"articleSection\":[\"Divers\",\"La Photographie\"],\"inLanguage\":\"en-GB\",\"potentialAction\":[{\"@type\":\"CommentAction\",\"name\":\"Comment\",\"target\":[\"https:\\\/\\\/florianfrison.com\\\/2026\\\/03\\\/10\\\/le-choc-des-generations-de-mes-hybrides-nikon-a-lappareil-photo-lumiere-des-annees-50\\\/#respond\"]}]},{\"@type\":\"WebPage\",\"@id\":\"https:\\\/\\\/florianfrison.com\\\/2026\\\/03\\\/10\\\/le-choc-des-generations-de-mes-hybrides-nikon-a-lappareil-photo-lumiere-des-annees-50\\\/\",\"url\":\"https:\\\/\\\/florianfrison.com\\\/2026\\\/03\\\/10\\\/le-choc-des-generations-de-mes-hybrides-nikon-a-lappareil-photo-lumiere-des-annees-50\\\/\",\"name\":\"Comparatif Nikon Z8 vs Argentique Ancien\",\"isPartOf\":{\"@id\":\"https:\\\/\\\/florianfrison.com\\\/#website\"},\"primaryImageOfPage\":{\"@id\":\"https:\\\/\\\/florianfrison.com\\\/2026\\\/03\\\/10\\\/le-choc-des-generations-de-mes-hybrides-nikon-a-lappareil-photo-lumiere-des-annees-50\\\/#primaryimage\"},\"image\":{\"@id\":\"https:\\\/\\\/florianfrison.com\\\/2026\\\/03\\\/10\\\/le-choc-des-generations-de-mes-hybrides-nikon-a-lappareil-photo-lumiere-des-annees-50\\\/#primaryimage\"},\"thumbnailUrl\":\"https:\\\/\\\/florianfrison.com\\\/wp-content\\\/uploads\\\/2026\\\/03\\\/Flotographie-11.avif\",\"datePublished\":\"2026-03-10T17:11:25+00:00\",\"dateModified\":\"2026-03-10T17:12:40+00:00\",\"description\":\"Remettre en route l'appareil photo des ann\u00e9es 50 de mon grand-p\u00e8re ? Un d\u00e9fi technique ! D\u00e9couvrez l'histoire de ce Lumi\u00e8re 6.5 x 11 et son face-\u00e0-face avec mes bo\u00eetiers modernes.\",\"breadcrumb\":{\"@id\":\"https:\\\/\\\/florianfrison.com\\\/2026\\\/03\\\/10\\\/le-choc-des-generations-de-mes-hybrides-nikon-a-lappareil-photo-lumiere-des-annees-50\\\/#breadcrumb\"},\"inLanguage\":\"en-GB\",\"potentialAction\":[{\"@type\":\"ReadAction\",\"target\":[\"https:\\\/\\\/florianfrison.com\\\/2026\\\/03\\\/10\\\/le-choc-des-generations-de-mes-hybrides-nikon-a-lappareil-photo-lumiere-des-annees-50\\\/\"]}]},{\"@type\":\"ImageObject\",\"inLanguage\":\"en-GB\",\"@id\":\"https:\\\/\\\/florianfrison.com\\\/2026\\\/03\\\/10\\\/le-choc-des-generations-de-mes-hybrides-nikon-a-lappareil-photo-lumiere-des-annees-50\\\/#primaryimage\",\"url\":\"https:\\\/\\\/florianfrison.com\\\/wp-content\\\/uploads\\\/2026\\\/03\\\/Flotographie-11.avif\",\"contentUrl\":\"https:\\\/\\\/florianfrison.com\\\/wp-content\\\/uploads\\\/2026\\\/03\\\/Flotographie-11.avif\",\"width\":1920,\"height\":1297,\"caption\":\"Test appareil photo Lumi\u00e8re 6.5x11\"},{\"@type\":\"BreadcrumbList\",\"@id\":\"https:\\\/\\\/florianfrison.com\\\/2026\\\/03\\\/10\\\/le-choc-des-generations-de-mes-hybrides-nikon-a-lappareil-photo-lumiere-des-annees-50\\\/#breadcrumb\",\"itemListElement\":[{\"@type\":\"ListItem\",\"position\":1,\"name\":\"Home\",\"item\":\"https:\\\/\\\/florianfrison.com\\\/\"},{\"@type\":\"ListItem\",\"position\":2,\"name\":\"Le choc des g\u00e9n\u00e9rations : De mes hybrides Nikon \u00e0 l&rsquo;appareil photo Lumi\u00e8re des ann\u00e9es 50\"}]},{\"@type\":\"WebSite\",\"@id\":\"https:\\\/\\\/florianfrison.com\\\/#website\",\"url\":\"https:\\\/\\\/florianfrison.com\\\/\",\"name\":\"Florian FRISON - Photography\",\"description\":\"Photographe de Mariage &amp; Lifestyle \u2013 Provence &amp; Savoie\",\"publisher\":{\"@id\":\"https:\\\/\\\/florianfrison.com\\\/#organization\"},\"alternateName\":\"Florian FRISON\",\"potentialAction\":[{\"@type\":\"SearchAction\",\"target\":{\"@type\":\"EntryPoint\",\"urlTemplate\":\"https:\\\/\\\/florianfrison.com\\\/?s={search_term_string}\"},\"query-input\":{\"@type\":\"PropertyValueSpecification\",\"valueRequired\":true,\"valueName\":\"search_term_string\"}}],\"inLanguage\":\"en-GB\"},{\"@type\":\"Organization\",\"@id\":\"https:\\\/\\\/florianfrison.com\\\/#organization\",\"name\":\"Florian FRISON - Photography\",\"alternateName\":\"Florian FRISON\",\"url\":\"https:\\\/\\\/florianfrison.com\\\/\",\"logo\":{\"@type\":\"ImageObject\",\"inLanguage\":\"en-GB\",\"@id\":\"https:\\\/\\\/florianfrison.com\\\/#\\\/schema\\\/logo\\\/image\\\/\",\"url\":\"https:\\\/\\\/florianfrison.com\\\/wp-content\\\/uploads\\\/2025\\\/11\\\/LogoNoircompresse.png\",\"contentUrl\":\"https:\\\/\\\/florianfrison.com\\\/wp-content\\\/uploads\\\/2025\\\/11\\\/LogoNoircompresse.png\",\"width\":500,\"height\":389,\"caption\":\"Florian FRISON - Photography\"},\"image\":{\"@id\":\"https:\\\/\\\/florianfrison.com\\\/#\\\/schema\\\/logo\\\/image\\\/\"},\"sameAs\":[\"https:\\\/\\\/www.facebook.com\\\/Flotographie73000\",\"https:\\\/\\\/x.com\\\/flotographie73\",\"https:\\\/\\\/www.instagram.com\\\/florianfrisonphoto\\\/\",\"https:\\\/\\\/www.linkedin.com\\\/company\\\/69712919\"]},{\"@type\":\"Person\",\"@id\":\"https:\\\/\\\/florianfrison.com\\\/#\\\/schema\\\/person\\\/8617b9f43c66ca1213a6ee05b2babc48\",\"name\":\"Florian FRISON\",\"image\":{\"@type\":\"ImageObject\",\"inLanguage\":\"en-GB\",\"@id\":\"https:\\\/\\\/secure.gravatar.com\\\/avatar\\\/684552731c32c09ae5ec626a6a6f25c2fcdddc87f38adadf4bbc85c93a9a5716?s=96&d=mm&r=g\",\"url\":\"https:\\\/\\\/secure.gravatar.com\\\/avatar\\\/684552731c32c09ae5ec626a6a6f25c2fcdddc87f38adadf4bbc85c93a9a5716?s=96&d=mm&r=g\",\"contentUrl\":\"https:\\\/\\\/secure.gravatar.com\\\/avatar\\\/684552731c32c09ae5ec626a6a6f25c2fcdddc87f38adadf4bbc85c93a9a5716?s=96&d=mm&r=g\",\"caption\":\"Florian FRISON\"},\"sameAs\":[\"https:\\\/\\\/florianfrison.com\"],\"url\":\"https:\\\/\\\/florianfrison.com\\\/en\\\/author\\\/flotographie\\\/\"}]}<\/script>\n<!-- \/ Yoast SEO plugin. -->","yoast_head_json":{"title":"Comparatif Nikon Z8 vs Argentique Ancien","description":"Remettre en route l'appareil photo des ann\u00e9es 50 de mon grand-p\u00e8re ? Un d\u00e9fi technique ! D\u00e9couvrez l'histoire de ce Lumi\u00e8re 6.5 x 11 et son face-\u00e0-face avec mes bo\u00eetiers modernes.","robots":{"index":"index","follow":"follow","max-snippet":"max-snippet:-1","max-image-preview":"max-image-preview:large","max-video-preview":"max-video-preview:-1"},"canonical":"https:\/\/florianfrison.com\/en\/2026\/03\/10\/le-choc-des-generations-de-mes-hybrides-nikon-a-lappareil-photo-lumiere-des-annees-50\/","og_locale":"en_GB","og_type":"article","og_title":"Comparatif Nikon Z8 vs Argentique Ancien","og_description":"Remettre en route l'appareil photo des ann\u00e9es 50 de mon grand-p\u00e8re ? Un d\u00e9fi technique ! D\u00e9couvrez l'histoire de ce Lumi\u00e8re 6.5 x 11 et son face-\u00e0-face avec mes bo\u00eetiers modernes.","og_url":"https:\/\/florianfrison.com\/en\/2026\/03\/10\/le-choc-des-generations-de-mes-hybrides-nikon-a-lappareil-photo-lumiere-des-annees-50\/","og_site_name":"Florian FRISON - Photography","article_publisher":"https:\/\/www.facebook.com\/Flotographie73000","article_published_time":"2026-03-10T17:11:25+00:00","article_modified_time":"2026-03-10T17:12:40+00:00","author":"Florian FRISON","twitter_card":"summary_large_image","twitter_creator":"@flotographie73","twitter_site":"@flotographie73","twitter_misc":{"Written by":"Florian FRISON","Estimated reading time":"1 minute"},"schema":{"@context":"https:\/\/schema.org","@graph":[{"@type":"Article","@id":"https:\/\/florianfrison.com\/2026\/03\/10\/le-choc-des-generations-de-mes-hybrides-nikon-a-lappareil-photo-lumiere-des-annees-50\/#article","isPartOf":{"@id":"https:\/\/florianfrison.com\/2026\/03\/10\/le-choc-des-generations-de-mes-hybrides-nikon-a-lappareil-photo-lumiere-des-annees-50\/"},"author":{"name":"Florian FRISON","@id":"https:\/\/florianfrison.com\/#\/schema\/person\/8617b9f43c66ca1213a6ee05b2babc48"},"headline":"Le choc des g\u00e9n\u00e9rations : De mes hybrides Nikon \u00e0 l&rsquo;appareil photo Lumi\u00e8re des ann\u00e9es 50","datePublished":"2026-03-10T17:11:25+00:00","dateModified":"2026-03-10T17:12:40+00:00","mainEntityOfPage":{"@id":"https:\/\/florianfrison.com\/2026\/03\/10\/le-choc-des-generations-de-mes-hybrides-nikon-a-lappareil-photo-lumiere-des-annees-50\/"},"wordCount":1093,"commentCount":0,"publisher":{"@id":"https:\/\/florianfrison.com\/#organization"},"image":{"@id":"https:\/\/florianfrison.com\/2026\/03\/10\/le-choc-des-generations-de-mes-hybrides-nikon-a-lappareil-photo-lumiere-des-annees-50\/#primaryimage"},"thumbnailUrl":"https:\/\/florianfrison.com\/wp-content\/uploads\/2026\/03\/Flotographie-11.avif","articleSection":["Divers","La Photographie"],"inLanguage":"en-GB","potentialAction":[{"@type":"CommentAction","name":"Comment","target":["https:\/\/florianfrison.com\/2026\/03\/10\/le-choc-des-generations-de-mes-hybrides-nikon-a-lappareil-photo-lumiere-des-annees-50\/#respond"]}]},{"@type":"WebPage","@id":"https:\/\/florianfrison.com\/2026\/03\/10\/le-choc-des-generations-de-mes-hybrides-nikon-a-lappareil-photo-lumiere-des-annees-50\/","url":"https:\/\/florianfrison.com\/2026\/03\/10\/le-choc-des-generations-de-mes-hybrides-nikon-a-lappareil-photo-lumiere-des-annees-50\/","name":"Comparatif Nikon Z8 vs Argentique Ancien","isPartOf":{"@id":"https:\/\/florianfrison.com\/#website"},"primaryImageOfPage":{"@id":"https:\/\/florianfrison.com\/2026\/03\/10\/le-choc-des-generations-de-mes-hybrides-nikon-a-lappareil-photo-lumiere-des-annees-50\/#primaryimage"},"image":{"@id":"https:\/\/florianfrison.com\/2026\/03\/10\/le-choc-des-generations-de-mes-hybrides-nikon-a-lappareil-photo-lumiere-des-annees-50\/#primaryimage"},"thumbnailUrl":"https:\/\/florianfrison.com\/wp-content\/uploads\/2026\/03\/Flotographie-11.avif","datePublished":"2026-03-10T17:11:25+00:00","dateModified":"2026-03-10T17:12:40+00:00","description":"Remettre en route l'appareil photo des ann\u00e9es 50 de mon grand-p\u00e8re ? Un d\u00e9fi technique ! D\u00e9couvrez l'histoire de ce Lumi\u00e8re 6.5 x 11 et son face-\u00e0-face avec mes bo\u00eetiers modernes.","breadcrumb":{"@id":"https:\/\/florianfrison.com\/2026\/03\/10\/le-choc-des-generations-de-mes-hybrides-nikon-a-lappareil-photo-lumiere-des-annees-50\/#breadcrumb"},"inLanguage":"en-GB","potentialAction":[{"@type":"ReadAction","target":["https:\/\/florianfrison.com\/2026\/03\/10\/le-choc-des-generations-de-mes-hybrides-nikon-a-lappareil-photo-lumiere-des-annees-50\/"]}]},{"@type":"ImageObject","inLanguage":"en-GB","@id":"https:\/\/florianfrison.com\/2026\/03\/10\/le-choc-des-generations-de-mes-hybrides-nikon-a-lappareil-photo-lumiere-des-annees-50\/#primaryimage","url":"https:\/\/florianfrison.com\/wp-content\/uploads\/2026\/03\/Flotographie-11.avif","contentUrl":"https:\/\/florianfrison.com\/wp-content\/uploads\/2026\/03\/Flotographie-11.avif","width":1920,"height":1297,"caption":"Test appareil photo Lumi\u00e8re 6.5x11"},{"@type":"BreadcrumbList","@id":"https:\/\/florianfrison.com\/2026\/03\/10\/le-choc-des-generations-de-mes-hybrides-nikon-a-lappareil-photo-lumiere-des-annees-50\/#breadcrumb","itemListElement":[{"@type":"ListItem","position":1,"name":"Home","item":"https:\/\/florianfrison.com\/"},{"@type":"ListItem","position":2,"name":"Le choc des g\u00e9n\u00e9rations : De mes hybrides Nikon \u00e0 l&rsquo;appareil photo Lumi\u00e8re des ann\u00e9es 50"}]},{"@type":"WebSite","@id":"https:\/\/florianfrison.com\/#website","url":"https:\/\/florianfrison.com\/","name":"Florian FRISON - Photography","description":"Wedding &amp; Lifestyle Photographer \u2013 Provence &amp; French Alps","publisher":{"@id":"https:\/\/florianfrison.com\/#organization"},"alternateName":"Florian FRISON","potentialAction":[{"@type":"SearchAction","target":{"@type":"EntryPoint","urlTemplate":"https:\/\/florianfrison.com\/?s={search_term_string}"},"query-input":{"@type":"PropertyValueSpecification","valueRequired":true,"valueName":"search_term_string"}}],"inLanguage":"en-GB"},{"@type":"Organization","@id":"https:\/\/florianfrison.com\/#organization","name":"Florian FRISON - Photography","alternateName":"Florian FRISON","url":"https:\/\/florianfrison.com\/","logo":{"@type":"ImageObject","inLanguage":"en-GB","@id":"https:\/\/florianfrison.com\/#\/schema\/logo\/image\/","url":"https:\/\/florianfrison.com\/wp-content\/uploads\/2025\/11\/LogoNoircompresse.png","contentUrl":"https:\/\/florianfrison.com\/wp-content\/uploads\/2025\/11\/LogoNoircompresse.png","width":500,"height":389,"caption":"Florian FRISON - Photography"},"image":{"@id":"https:\/\/florianfrison.com\/#\/schema\/logo\/image\/"},"sameAs":["https:\/\/www.facebook.com\/Flotographie73000","https:\/\/x.com\/flotographie73","https:\/\/www.instagram.com\/florianfrisonphoto\/","https:\/\/www.linkedin.com\/company\/69712919"]},{"@type":"Person","@id":"https:\/\/florianfrison.com\/#\/schema\/person\/8617b9f43c66ca1213a6ee05b2babc48","name":"Florian FRISON","image":{"@type":"ImageObject","inLanguage":"en-GB","@id":"https:\/\/secure.gravatar.com\/avatar\/684552731c32c09ae5ec626a6a6f25c2fcdddc87f38adadf4bbc85c93a9a5716?s=96&d=mm&r=g","url":"https:\/\/secure.gravatar.com\/avatar\/684552731c32c09ae5ec626a6a6f25c2fcdddc87f38adadf4bbc85c93a9a5716?s=96&d=mm&r=g","contentUrl":"https:\/\/secure.gravatar.com\/avatar\/684552731c32c09ae5ec626a6a6f25c2fcdddc87f38adadf4bbc85c93a9a5716?s=96&d=mm&r=g","caption":"Florian FRISON"},"sameAs":["https:\/\/florianfrison.com"],"url":"https:\/\/florianfrison.com\/en\/author\/flotographie\/"}]}},"_links":{"self":[{"href":"https:\/\/florianfrison.com\/en\/wp-json\/wp\/v2\/posts\/1050","targetHints":{"allow":["GET"]}}],"collection":[{"href":"https:\/\/florianfrison.com\/en\/wp-json\/wp\/v2\/posts"}],"about":[{"href":"https:\/\/florianfrison.com\/en\/wp-json\/wp\/v2\/types\/post"}],"author":[{"embeddable":true,"href":"https:\/\/florianfrison.com\/en\/wp-json\/wp\/v2\/users\/1"}],"replies":[{"embeddable":true,"href":"https:\/\/florianfrison.com\/en\/wp-json\/wp\/v2\/comments?post=1050"}],"version-history":[{"count":6,"href":"https:\/\/florianfrison.com\/en\/wp-json\/wp\/v2\/posts\/1050\/revisions"}],"predecessor-version":[{"id":1063,"href":"https:\/\/florianfrison.com\/en\/wp-json\/wp\/v2\/posts\/1050\/revisions\/1063"}],"wp:featuredmedia":[{"embeddable":true,"href":"https:\/\/florianfrison.com\/en\/wp-json\/wp\/v2\/media\/1051"}],"wp:attachment":[{"href":"https:\/\/florianfrison.com\/en\/wp-json\/wp\/v2\/media?parent=1050"}],"wp:term":[{"taxonomy":"category","embeddable":true,"href":"https:\/\/florianfrison.com\/en\/wp-json\/wp\/v2\/categories?post=1050"},{"taxonomy":"post_tag","embeddable":true,"href":"https:\/\/florianfrison.com\/en\/wp-json\/wp\/v2\/tags?post=1050"}],"curies":[{"name":"wp","href":"https:\/\/api.w.org\/{rel}","templated":true}]}}